{"id":1623,"date":"2023-10-25T16:36:18","date_gmt":"2023-10-25T19:36:18","guid":{"rendered":"https:\/\/wp.ufpel.edu.br\/wwverde\/?p=1623"},"modified":"2023-10-25T16:42:19","modified_gmt":"2023-10-25T19:42:19","slug":"1623","status":"publish","type":"post","link":"https:\/\/wp.ufpel.edu.br\/wwverde\/2023\/10\/25\/1623\/","title":{"rendered":""},"content":{"rendered":"<p>Neste segundo semestre de 2023, a Universidade Federal de Pelotas (UFPel) deu um passo importante em dire\u00e7\u00e3o \u00e0 promo\u00e7\u00e3o do engajamento social de seus estudantes, ao implementar a extens\u00e3o universit\u00e1ria no curr\u00edculo dos cursos de Qu\u00edmica.<\/p>\n<p>A extens\u00e3o universit\u00e1ria \u00e9 um dos pilares da universidade, juntamente com o ensino, a pesquisa e a inova\u00e7\u00e3o. Ela envolve a promo\u00e7\u00e3o de atividades acad\u00eamicas que se estendem para al\u00e9m do campus universit\u00e1rio, alcan\u00e7ando a comunidade e a sociedade em geral. A extens\u00e3o tem como objetivo aplicar o conhecimento produzido na universidade em benef\u00edcio da sociedade, ao mesmo tempo em que enriquece o aprendizado dos estudantes por meio da pr\u00e1tica e do envolvimento com problemas reais.<\/p>\n<p>Nesse contexto, a WWVerde far\u00e1 parte desta nova abordagem, atrav\u00e9s da disciplina de Qu\u00edmica Verde, que ter\u00e1 1 cr\u00e9dito em extens\u00e3o universit\u00e1ria. O objetivo \u00e9 trabalhar com os alunos de gradua\u00e7\u00e3o a prepara\u00e7\u00e3o de material de divulga\u00e7\u00e3o sobre qu\u00edmica verde e sustent\u00e1vel, que ser\u00e1 publicado em nossas plataforma<\/p>\n<div id=\"attachment_1617\" style=\"width: 1090px\" class=\"wp-caption aligncenter\"><img data-recalc-dims=\"1\" aria-describedby=\"caption-attachment-1617\" class=\"size-full wp-image-1617\" src=\"https:\/\/i0.wp.com\/wp.ufpel.edu.br\/wwverde\/files\/2023\/10\/Extensao-universitaria_20231024_073738_0000.png?resize=1080%2C1080&#038;ssl=1\" alt=\"\" width=\"1080\" height=\"1080\" srcset=\"https:\/\/i0.wp.com\/wp.ufpel.edu.br\/wwverde\/files\/2023\/10\/Extensao-universitaria_20231024_073738_0000.png?w=1080&amp;ssl=1 1080w, https:\/\/i0.wp.com\/wp.ufpel.edu.br\/wwverde\/files\/2023\/10\/Extensao-universitaria_20231024_073738_0000.png?resize=400%2C400&amp;ssl=1 400w, https:\/\/i0.wp.com\/wp.ufpel.edu.br\/wwverde\/files\/2023\/10\/Extensao-universitaria_20231024_073738_0000.png?resize=1024%2C1024&amp;ssl=1 1024w, https:\/\/i0.wp.com\/wp.ufpel.edu.br\/wwverde\/files\/2023\/10\/Extensao-universitaria_20231024_073738_0000.png?resize=200%2C200&amp;ssl=1 200w, https:\/\/i0.wp.com\/wp.ufpel.edu.br\/wwverde\/files\/2023\/10\/Extensao-universitaria_20231024_073738_0000.png?resize=768%2C768&amp;ssl=1 768w\" sizes=\"(max-width: 1000px) 100vw, 1000px\" \/><p id=\"caption-attachment-1617\" class=\"wp-caption-text\">Neste segundo semestre de 2023, a Universidade Federal de Pelotas (UFPel) deu um passo importante em dire\u00e7\u00e3o \u00e0 promo\u00e7\u00e3o do engajamento social de seus estudantes, ao implementar a extens\u00e3o universit\u00e1ria no curr\u00edculo dos cursos de Qu\u00edmica.<br \/>A extens\u00e3o universit\u00e1ria \u00e9 um dos pilares da universidade, juntamente com o ensino, a pesquisa e a inova\u00e7\u00e3o. Ela envolve a promo\u00e7\u00e3o de atividades acad\u00eamicas que se estendem para al\u00e9m do campus universit\u00e1rio, alcan\u00e7ando a comunidade e a sociedade em geral. A extens\u00e3o tem como objetivo aplicar o conhecimento produzido na universidade em benef\u00edcio da sociedade, ao mesmo tempo em que enriquece o aprendizado dos estudantes por meio da pr\u00e1tica e do envolvimento com problemas reais.<br \/>Nesse contexto, a WWVerde far\u00e1 parte desta nova abordagem, atrav\u00e9s da disciplina de Qu\u00edmica Verde, que ter\u00e1 1 cr\u00e9dito em extens\u00e3o universit\u00e1ria. O objetivo \u00e9 trabalhar com os alunos de gradua\u00e7\u00e3o a prepara\u00e7\u00e3o de material de divulga\u00e7\u00e3o sobre qu\u00edmica verde e sustent\u00e1vel, que ser\u00e1 publicado em nossas plataformas.<\/p><\/div>\n<p>s.<\/p>\n","protected":false},"excerpt":{"rendered":"<p>Neste segundo semestre de 2023, a Universidade Federal de Pelotas (UFPel) deu um passo importante em dire\u00e7\u00e3o \u00e0 promo\u00e7\u00e3o do engajamento social de seus estudantes, ao implementar a extens\u00e3o universit\u00e1ria no curr\u00edculo dos cursos de Qu\u00edmica. A extens\u00e3o universit\u00e1ria \u00e9 um dos pilares da universidade, juntamente com o ensino, a pesquisa e a inova\u00e7\u00e3o. Ela [&hellip;]<\/p>\n","protected":false},"author":149,"featured_media":0,"comment_status":"closed","ping_status":"closed","sticky":false,"template":"","format":"standard","meta":{"jetpack_post_was_ever_published":false,"_jetpack_newsletter_access":"","_jetpack_dont_email_post_to_subs":false,"_jetpack_newsletter_tier_id":0,"_jetpack_memberships_contains_paywalled_content":false,"_jetpack_memberships_contains_paid_content":false,"footnotes":"","jetpack_publicize_message":"","jetpack_publicize_feature_enabled":true,"jetpack_social_post_already_shared":true,"jetpack_social_options":{"image_generator_settings":{"template":"highway","default_image_id":0,"font":"","enabled":false},"version":2}},"categories":[78404],"tags":[],"class_list":["post-1623","post","type-post","status-publish","format-standard","hentry","category-wwverde"],"jetpack_publicize_connections":[],"jetpack_featured_media_url":"","jetpack_sharing_enabled":true,"jetpack_shortlink":"https:\/\/wp.me\/s4VNan-1623","_links":{"self":[{"href":"https:\/\/wp.ufpel.edu.br\/wwverde\/wp-json\/wp\/v2\/posts\/1623","targetHints":{"allow":["GET"]}}],"collection":[{"href":"https:\/\/wp.ufpel.edu.br\/wwverde\/wp-json\/wp\/v2\/posts"}],"about":[{"href":"https:\/\/wp.ufpel.edu.br\/wwverde\/wp-json\/wp\/v2\/types\/post"}],"author":[{"embeddable":true,"href":"https:\/\/wp.ufpel.edu.br\/wwverde\/wp-json\/wp\/v2\/users\/149"}],"replies":[{"embeddable":true,"href":"https:\/\/wp.ufpel.edu.br\/wwverde\/wp-json\/wp\/v2\/comments?post=1623"}],"version-history":[{"count":2,"href":"https:\/\/wp.ufpel.edu.br\/wwverde\/wp-json\/wp\/v2\/posts\/1623\/revisions"}],"predecessor-version":[{"id":1625,"href":"https:\/\/wp.ufpel.edu.br\/wwverde\/wp-json\/wp\/v2\/posts\/1623\/revisions\/1625"}],"wp:attachment":[{"href":"https:\/\/wp.ufpel.edu.br\/wwverde\/wp-json\/wp\/v2\/media?parent=1623"}],"wp:term":[{"taxonomy":"category","embeddable":true,"href":"https:\/\/wp.ufpel.edu.br\/wwverde\/wp-json\/wp\/v2\/categories?post=1623"},{"taxonomy":"post_tag","embeddable":true,"href":"https:\/\/wp.ufpel.edu.br\/wwverde\/wp-json\/wp\/v2\/tags?post=1623"}],"curies":[{"name":"wp","href":"https:\/\/api.w.org\/{rel}","templated":true}]}}