{"id":315,"date":"2015-03-13T14:10:34","date_gmt":"2015-03-13T17:10:34","guid":{"rendered":"https:\/\/wp.ufpel.edu.br\/vitivinicultura\/?p=315"},"modified":"2015-03-13T14:11:13","modified_gmt":"2015-03-13T17:11:13","slug":"o-projeto-de-vitivinicultura-realiza-curso-em-hulha-negra","status":"publish","type":"post","link":"https:\/\/wp.ufpel.edu.br\/vitivinicultura\/2015\/03\/13\/o-projeto-de-vitivinicultura-realiza-curso-em-hulha-negra\/","title":{"rendered":"O Projeto de Vitivinicultura realiza curso em Hulha Negra"},"content":{"rendered":"<p>Na sexta-feira, seis de mar\u00e7o, foi realizado em Hulha Negra um dia de cursos,os quais tinham como tema principal a Vitivinicultura, os temas abordados foram a comercializa\u00e7\u00e3o da uva, o associativismo, as\u00a0 t\u00e9cnicas de preparo de solo, calagem e aduba\u00e7\u00e3o base. O p\u00fablico-alvo foram os produtores rurais assentados na regi\u00e3o, especialmente, aqueles ligados ao assentamento rural <em>Abrindo Fronteiras<\/em>. A atividade realizada \u00e9 referente \u00e0 meta tr\u00eas do Projeto de Vitivinicultura, que diz respeito tanto a qualifica\u00e7\u00e3o como a capacita\u00e7\u00e3o de produtores para implantar um vinhedo piloto no munic\u00edpio.<\/p>\n<p>Na parte da manh\u00e3 o Coordenador do Projeto de Vitivinicultura, Professor Amauri Barcelos, detalhou aos presentes os objetivos e as metas do Projeto. Logo em seguida, falou o Secret\u00e1rio de Agricultura de Hulha Negra, Carlos Manske. Na sequencia dos trabalhos, o evento contou com a presen\u00e7a do empres\u00e1rio, RossanoLazzarotto, que contribuiu falando sobre as perspectivas de mercado para a uva e sobre o cen\u00e1rio da vitivinicultura na fronteira sul. Logo em seguida, a palavra foi disponibilizada para os representantes da EMATER, os t\u00e9cnicos Raul e Taylor Garcia.<\/p>\n<p>A import\u00e2ncia do associativismo e do cooperativismo, al\u00e9m do Sistema de Gest\u00e3o de Conv\u00eanios e Contratos de Repasse do Governo Federal\u00a0<strong>(<\/strong>SINCOV) foram parte dos temas abordados na per\u00edododa tarde, pelo t\u00e9cnico-administrativo da Universidade Federal de Pelotas (UFPel), Elias Lisboa dos Santos. Logo em seguida, foi a vez da abordagem,para os produtores, a respeito das Boas Pr\u00e1ticas Agr\u00edcolas, ministrado pelo bolsista do Projeto de Vitivinicultura, Gabriel Almeida. Encerrando o dia de trabalho, Guilherme Menegazzi, bolsista do projeto, abordou o assunto Boas Pr\u00e1ticas para a elabora\u00e7\u00e3o de suco de uva.<\/p>\n<p><strong>Confira as fotos do evento:<\/strong><\/p>\n<p><a href=\"https:\/\/wp.ufpel.edu.br\/vitivinicultura\/files\/2015\/03\/11005670_395826787256168_1893006618_n.jpg\"><img loading=\"lazy\" decoding=\"async\" class=\"  wp-image-332 aligncenter\" src=\"https:\/\/wp.ufpel.edu.br\/vitivinicultura\/files\/2015\/03\/11005670_395826787256168_1893006618_n-424x318.jpg\" alt=\"11005670_395826787256168_1893006618_n\" width=\"264\" height=\"198\" \/><\/a><a href=\"https:\/\/wp.ufpel.edu.br\/vitivinicultura\/files\/2015\/03\/site-5.jpg\"><img loading=\"lazy\" decoding=\"async\" class=\"  wp-image-333 aligncenter\" src=\"https:\/\/wp.ufpel.edu.br\/vitivinicultura\/files\/2015\/03\/site-5-424x239.jpg\" alt=\"site (5)\" width=\"265\" height=\"149\" \/><\/a><\/p>\n<p><a href=\"https:\/\/wp.ufpel.edu.br\/vitivinicultura\/files\/2015\/03\/site-4.jpg\"><img loading=\"lazy\" decoding=\"async\" class=\"  wp-image-334 aligncenter\" src=\"https:\/\/wp.ufpel.edu.br\/vitivinicultura\/files\/2015\/03\/site-4-424x239.jpg\" alt=\"site (4)\" width=\"263\" height=\"148\" \/><\/a><\/p>\n<p><a href=\"https:\/\/wp.ufpel.edu.br\/vitivinicultura\/files\/2015\/03\/site-2.jpg\"><img loading=\"lazy\" decoding=\"async\" class=\"alignnone  wp-image-336 aligncenter\" src=\"https:\/\/wp.ufpel.edu.br\/vitivinicultura\/files\/2015\/03\/site-2-424x239.jpg\" alt=\"site (2)\" width=\"266\" height=\"150\" \/><\/a><\/p>\n<p><a href=\"https:\/\/wp.ufpel.edu.br\/vitivinicultura\/files\/2015\/03\/site.jpg\"><img loading=\"lazy\" decoding=\"async\" class=\"  wp-image-337 aligncenter\" src=\"https:\/\/wp.ufpel.edu.br\/vitivinicultura\/files\/2015\/03\/site-424x239.jpg\" alt=\"site\" width=\"273\" height=\"154\" \/><\/a><\/p>\n<p>&nbsp;<\/p>\n","protected":false},"excerpt":{"rendered":"<p>Na sexta-feira, seis de mar\u00e7o, foi realizado em Hulha Negra um dia de cursos,os quais tinham como tema principal a Vitivinicultura, os temas abordados foram a comercializa\u00e7\u00e3o da uva, o associativismo, as\u00a0 t\u00e9cnicas de preparo de solo, calagem e aduba\u00e7\u00e3o &hellip; <a href=\"https:\/\/wp.ufpel.edu.br\/vitivinicultura\/2015\/03\/13\/o-projeto-de-vitivinicultura-realiza-curso-em-hulha-negra\/\">Continue lendo <span class=\"meta-nav\">&rarr;<\/span><\/a><\/p>\n","protected":false},"author":385,"featured_media":0,"comment_status":"closed","ping_status":"closed","sticky":false,"template":"","format":"standard","meta":{"footnotes":""},"categories":[18],"tags":[],"class_list":["post-315","post","type-post","status-publish","format-standard","hentry","category-sem-categoria"],"jetpack_featured_media_url":"","_links":{"self":[{"href":"https:\/\/wp.ufpel.edu.br\/vitivinicultura\/wp-json\/wp\/v2\/posts\/315","targetHints":{"allow":["GET"]}}],"collection":[{"href":"https:\/\/wp.ufpel.edu.br\/vitivinicultura\/wp-json\/wp\/v2\/posts"}],"about":[{"href":"https:\/\/wp.ufpel.edu.br\/vitivinicultura\/wp-json\/wp\/v2\/types\/post"}],"author":[{"embeddable":true,"href":"https:\/\/wp.ufpel.edu.br\/vitivinicultura\/wp-json\/wp\/v2\/users\/385"}],"replies":[{"embeddable":true,"href":"https:\/\/wp.ufpel.edu.br\/vitivinicultura\/wp-json\/wp\/v2\/comments?post=315"}],"version-history":[{"count":3,"href":"https:\/\/wp.ufpel.edu.br\/vitivinicultura\/wp-json\/wp\/v2\/posts\/315\/revisions"}],"predecessor-version":[{"id":340,"href":"https:\/\/wp.ufpel.edu.br\/vitivinicultura\/wp-json\/wp\/v2\/posts\/315\/revisions\/340"}],"wp:attachment":[{"href":"https:\/\/wp.ufpel.edu.br\/vitivinicultura\/wp-json\/wp\/v2\/media?parent=315"}],"wp:term":[{"taxonomy":"category","embeddable":true,"href":"https:\/\/wp.ufpel.edu.br\/vitivinicultura\/wp-json\/wp\/v2\/categories?post=315"},{"taxonomy":"post_tag","embeddable":true,"href":"https:\/\/wp.ufpel.edu.br\/vitivinicultura\/wp-json\/wp\/v2\/tags?post=315"}],"curies":[{"name":"wp","href":"https:\/\/api.w.org\/{rel}","templated":true}]}}