{"id":289,"date":"2014-11-13T11:27:51","date_gmt":"2014-11-13T13:27:51","guid":{"rendered":"https:\/\/wp.ufpel.edu.br\/vitivinicultura\/?p=289"},"modified":"2014-11-13T11:27:51","modified_gmt":"2014-11-13T13:27:51","slug":"sao-sepe-quer-implantar-agroindustria-no-municipio","status":"publish","type":"post","link":"https:\/\/wp.ufpel.edu.br\/vitivinicultura\/2014\/11\/13\/sao-sepe-quer-implantar-agroindustria-no-municipio\/","title":{"rendered":"S\u00e3o Sep\u00e9 quer implantar agroind\u00fastria no munic\u00edpio"},"content":{"rendered":"<div id=\"attachment_290\" style=\"width: 650px\" class=\"wp-caption aligncenter\"><a href=\"https:\/\/wp.ufpel.edu.br\/vitivinicultura\/files\/2014\/11\/DSC00525-640x380.jpg\"><img loading=\"lazy\" decoding=\"async\" aria-describedby=\"caption-attachment-290\" class=\"wp-image-290 size-full\" src=\"https:\/\/wp.ufpel.edu.br\/vitivinicultura\/files\/2014\/11\/DSC00525-640x380.jpg\" alt=\"Foto: Prefeitura Municipal de S\u00e3o Sep\u00e9 \" width=\"640\" height=\"380\" \/><\/a><p id=\"caption-attachment-290\" class=\"wp-caption-text\">Foto: Prefeitura Municipal de S\u00e3o Sep\u00e9<\/p><\/div>\n<p>Atrav\u00e9s do Projeto de vitivinicultura \u201cEstrat\u00e9gias para o Desenvolvimento Sustent\u00e1vel da Vitivinicultura no Arco da Fronteira Sul\u201d, S\u00e3o Sep\u00e9 est\u00e1 pr\u00f3ximo de consolidar uma agroind\u00fastria ligada ao mercado de uva no munic\u00edpio.<\/p>\n<p>O secret\u00e1rio de agricultura da cidade, Edson Bagolin, e o presidente da Associa\u00e7\u00e3o de Vitivinicultura Sep\u00e9 Tiaraju, Leonardo Schaff, visitaram a cidade de Pinhal Grande, na Quarta Col\u00f4nia, para colher dados sobre o funcionamento de uma agroind\u00fastria para a produ\u00e7\u00e3o de sucos de uva. O objetivo \u00e9 que o grupo de produtores de S\u00e3o Sep\u00e9 possa viabilizar uma parceria para a constru\u00e7\u00e3o de uma estrutura semelhante. Bagolin ainda lembra que a produ\u00e7\u00e3o dos sucos pode ser destinada \u00e0 merenda escolar, iniciativa que pode garantir a venda da produ\u00e7\u00e3o.<\/p>\n<p>Fonte: <a href=\"http:\/\/www.saosepe.rs.gov.br\/associacao-de-vitivinicultura-quer-implantar-agroindustria-em-sao-sepe\/\">Prefeitura Municipal de S\u00e3o Sep\u00e9<\/a><\/p>\n","protected":false},"excerpt":{"rendered":"<p>Atrav\u00e9s do Projeto de vitivinicultura \u201cEstrat\u00e9gias para o Desenvolvimento Sustent\u00e1vel da Vitivinicultura no Arco da Fronteira Sul\u201d, S\u00e3o Sep\u00e9 est\u00e1 pr\u00f3ximo de consolidar uma agroind\u00fastria ligada ao mercado de uva no munic\u00edpio. O secret\u00e1rio de agricultura da cidade, Edson Bagolin, &hellip; <a href=\"https:\/\/wp.ufpel.edu.br\/vitivinicultura\/2014\/11\/13\/sao-sepe-quer-implantar-agroindustria-no-municipio\/\">Continue lendo <span class=\"meta-nav\">&rarr;<\/span><\/a><\/p>\n","protected":false},"author":385,"featured_media":0,"comment_status":"closed","ping_status":"closed","sticky":false,"template":"","format":"standard","meta":{"footnotes":""},"categories":[18],"tags":[],"class_list":["post-289","post","type-post","status-publish","format-standard","hentry","category-sem-categoria"],"jetpack_featured_media_url":"","_links":{"self":[{"href":"https:\/\/wp.ufpel.edu.br\/vitivinicultura\/wp-json\/wp\/v2\/posts\/289","targetHints":{"allow":["GET"]}}],"collection":[{"href":"https:\/\/wp.ufpel.edu.br\/vitivinicultura\/wp-json\/wp\/v2\/posts"}],"about":[{"href":"https:\/\/wp.ufpel.edu.br\/vitivinicultura\/wp-json\/wp\/v2\/types\/post"}],"author":[{"embeddable":true,"href":"https:\/\/wp.ufpel.edu.br\/vitivinicultura\/wp-json\/wp\/v2\/users\/385"}],"replies":[{"embeddable":true,"href":"https:\/\/wp.ufpel.edu.br\/vitivinicultura\/wp-json\/wp\/v2\/comments?post=289"}],"version-history":[{"count":2,"href":"https:\/\/wp.ufpel.edu.br\/vitivinicultura\/wp-json\/wp\/v2\/posts\/289\/revisions"}],"predecessor-version":[{"id":292,"href":"https:\/\/wp.ufpel.edu.br\/vitivinicultura\/wp-json\/wp\/v2\/posts\/289\/revisions\/292"}],"wp:attachment":[{"href":"https:\/\/wp.ufpel.edu.br\/vitivinicultura\/wp-json\/wp\/v2\/media?parent=289"}],"wp:term":[{"taxonomy":"category","embeddable":true,"href":"https:\/\/wp.ufpel.edu.br\/vitivinicultura\/wp-json\/wp\/v2\/categories?post=289"},{"taxonomy":"post_tag","embeddable":true,"href":"https:\/\/wp.ufpel.edu.br\/vitivinicultura\/wp-json\/wp\/v2\/tags?post=289"}],"curies":[{"name":"wp","href":"https:\/\/api.w.org\/{rel}","templated":true}]}}