{"id":281,"date":"2014-10-31T10:54:06","date_gmt":"2014-10-31T12:54:06","guid":{"rendered":"https:\/\/wp.ufpel.edu.br\/vitivinicultura\/?p=281"},"modified":"2014-10-31T10:54:06","modified_gmt":"2014-10-31T12:54:06","slug":"grupo-de-vitivinicultura-retorna-a-hulha-negra-para-realizar-preparo-de-solo","status":"publish","type":"post","link":"https:\/\/wp.ufpel.edu.br\/vitivinicultura\/2014\/10\/31\/grupo-de-vitivinicultura-retorna-a-hulha-negra-para-realizar-preparo-de-solo\/","title":{"rendered":"Grupo de Vitivinicultura retorna a Hulha Negra para realizar preparo de solo"},"content":{"rendered":"<p>O Projeto Estrat\u00e9gias para o <em>Desenvolvimento Sustent\u00e1vel da Vitivinicultura no Arco da Fronteira Sul<\/em> retornou na Segunda-feira, 27 de outubro para Hulha Negra, onde realiza o preparo de solo para o plantio de uvas vin\u00edferas.<\/p>\n<p>Desta vez o grupo composto pelo bolsista Gabriel Almeida, acad\u00eamico de Engenharia Agr\u00edcola e o pelo servidor Eraldo permaneceu\u00a0 na cidade at\u00e9 a quarta-feira, 29 de outubro. Na ocasi\u00e3o, aproximadamente, metade das propriedades receberam o prepara do solo. O projeto deve retornar a Hulha Negra na pr\u00f3xima semana para dar continuidade ao trabalho.<\/p>\n<p>&nbsp;<\/p>\n<p><strong>Confira as fotos:<\/strong><\/p>\n<p><img loading=\"lazy\" decoding=\"async\" class=\"alignnone size-medium wp-image-283\" src=\"https:\/\/wp.ufpel.edu.br\/vitivinicultura\/files\/2014\/10\/10752015_757867860970784_83397623_n-1-424x318.jpg\" alt=\"10752015_757867860970784_83397623_n (1)\" width=\"424\" height=\"318\" \/><\/p>\n<p><a href=\"https:\/\/wp.ufpel.edu.br\/vitivinicultura\/files\/2014\/10\/1922116_754780371279533_7727318762919905133_n.jpg\"><img loading=\"lazy\" decoding=\"async\" class=\"alignnone size-medium wp-image-284\" src=\"https:\/\/wp.ufpel.edu.br\/vitivinicultura\/files\/2014\/10\/1922116_754780371279533_7727318762919905133_n-424x318.jpg\" alt=\"1922116_754780371279533_7727318762919905133_n\" width=\"424\" height=\"318\" \/><\/a><\/p>\n<p>&nbsp;<\/p>\n","protected":false},"excerpt":{"rendered":"<p>O Projeto Estrat\u00e9gias para o Desenvolvimento Sustent\u00e1vel da Vitivinicultura no Arco da Fronteira Sul retornou na Segunda-feira, 27 de outubro para Hulha Negra, onde realiza o preparo de solo para o plantio de uvas vin\u00edferas. Desta vez o grupo composto &hellip; <a href=\"https:\/\/wp.ufpel.edu.br\/vitivinicultura\/2014\/10\/31\/grupo-de-vitivinicultura-retorna-a-hulha-negra-para-realizar-preparo-de-solo\/\">Continue lendo <span class=\"meta-nav\">&rarr;<\/span><\/a><\/p>\n","protected":false},"author":385,"featured_media":0,"comment_status":"closed","ping_status":"closed","sticky":false,"template":"","format":"standard","meta":{"footnotes":""},"categories":[18],"tags":[],"class_list":["post-281","post","type-post","status-publish","format-standard","hentry","category-sem-categoria"],"jetpack_featured_media_url":"","_links":{"self":[{"href":"https:\/\/wp.ufpel.edu.br\/vitivinicultura\/wp-json\/wp\/v2\/posts\/281","targetHints":{"allow":["GET"]}}],"collection":[{"href":"https:\/\/wp.ufpel.edu.br\/vitivinicultura\/wp-json\/wp\/v2\/posts"}],"about":[{"href":"https:\/\/wp.ufpel.edu.br\/vitivinicultura\/wp-json\/wp\/v2\/types\/post"}],"author":[{"embeddable":true,"href":"https:\/\/wp.ufpel.edu.br\/vitivinicultura\/wp-json\/wp\/v2\/users\/385"}],"replies":[{"embeddable":true,"href":"https:\/\/wp.ufpel.edu.br\/vitivinicultura\/wp-json\/wp\/v2\/comments?post=281"}],"version-history":[{"count":4,"href":"https:\/\/wp.ufpel.edu.br\/vitivinicultura\/wp-json\/wp\/v2\/posts\/281\/revisions"}],"predecessor-version":[{"id":287,"href":"https:\/\/wp.ufpel.edu.br\/vitivinicultura\/wp-json\/wp\/v2\/posts\/281\/revisions\/287"}],"wp:attachment":[{"href":"https:\/\/wp.ufpel.edu.br\/vitivinicultura\/wp-json\/wp\/v2\/media?parent=281"}],"wp:term":[{"taxonomy":"category","embeddable":true,"href":"https:\/\/wp.ufpel.edu.br\/vitivinicultura\/wp-json\/wp\/v2\/categories?post=281"},{"taxonomy":"post_tag","embeddable":true,"href":"https:\/\/wp.ufpel.edu.br\/vitivinicultura\/wp-json\/wp\/v2\/tags?post=281"}],"curies":[{"name":"wp","href":"https:\/\/api.w.org\/{rel}","templated":true}]}}