{"id":229,"date":"2014-09-11T10:50:49","date_gmt":"2014-09-11T13:50:49","guid":{"rendered":"https:\/\/wp.ufpel.edu.br\/vitivinicultura\/?p=229"},"modified":"2014-09-17T10:52:24","modified_gmt":"2014-09-17T13:52:24","slug":"projeto-de-vitivinicultura-apresenta-rota-de-enoturismo-materia-no-diario-popular","status":"publish","type":"post","link":"https:\/\/wp.ufpel.edu.br\/vitivinicultura\/2014\/09\/11\/projeto-de-vitivinicultura-apresenta-rota-de-enoturismo-materia-no-diario-popular\/","title":{"rendered":"Projeto de Vitivinicultura apresenta Rota de Enoturismo &#8211; Mat\u00e9ria no Di\u00e1rio Popular"},"content":{"rendered":"<p>O Projeto &#8220;Estrat\u00e9gias para o Desenvolvimento Sustent\u00e1vel da Vitivinicultura no Arco da Fronteira Sul&#8221; apresentar\u00e1 rota de enoturismo na regi\u00e3o.<\/p>\n<p>Os Roteiros Tur\u00edsticos ser\u00e3o apresentados amanh\u00e3, dia 12, \u00e0s 19h, na Ag\u00eancia da Bacia da Lagoa Mirim, rua Lobo da Costa 447, Pelotas.<\/p>\n<p>Confira na reportagem do Di\u00e1rio Popular:<br \/>\n<a title=\"aqui\" href=\"http:\/\/www.diariopopular.com.br\/index.php?n_sistema=3056&amp;id_noticia=ODg5MjY%3D&amp;id_area=MTA%3D\">http:\/\/www.diariopopular.com.br\/index.php?n_sistema=3056&amp;id_noticia=ODg5MjY%3D&amp;id_area=MTA%3D<br \/>\n<\/a><\/p>\n","protected":false},"excerpt":{"rendered":"<p>O Projeto &#8220;Estrat\u00e9gias para o Desenvolvimento Sustent\u00e1vel da Vitivinicultura no Arco da Fronteira Sul&#8221; apresentar\u00e1 rota de enoturismo na regi\u00e3o. Os Roteiros Tur\u00edsticos ser\u00e3o apresentados amanh\u00e3, dia 12, \u00e0s 19h, na Ag\u00eancia da Bacia da Lagoa Mirim, rua Lobo da &hellip; <a href=\"https:\/\/wp.ufpel.edu.br\/vitivinicultura\/2014\/09\/11\/projeto-de-vitivinicultura-apresenta-rota-de-enoturismo-materia-no-diario-popular\/\">Continue lendo <span class=\"meta-nav\">&rarr;<\/span><\/a><\/p>\n","protected":false},"author":385,"featured_media":0,"comment_status":"closed","ping_status":"closed","sticky":false,"template":"","format":"standard","meta":{"footnotes":""},"categories":[18],"tags":[],"class_list":["post-229","post","type-post","status-publish","format-standard","hentry","category-sem-categoria"],"jetpack_featured_media_url":"","_links":{"self":[{"href":"https:\/\/wp.ufpel.edu.br\/vitivinicultura\/wp-json\/wp\/v2\/posts\/229","targetHints":{"allow":["GET"]}}],"collection":[{"href":"https:\/\/wp.ufpel.edu.br\/vitivinicultura\/wp-json\/wp\/v2\/posts"}],"about":[{"href":"https:\/\/wp.ufpel.edu.br\/vitivinicultura\/wp-json\/wp\/v2\/types\/post"}],"author":[{"embeddable":true,"href":"https:\/\/wp.ufpel.edu.br\/vitivinicultura\/wp-json\/wp\/v2\/users\/385"}],"replies":[{"embeddable":true,"href":"https:\/\/wp.ufpel.edu.br\/vitivinicultura\/wp-json\/wp\/v2\/comments?post=229"}],"version-history":[{"count":3,"href":"https:\/\/wp.ufpel.edu.br\/vitivinicultura\/wp-json\/wp\/v2\/posts\/229\/revisions"}],"predecessor-version":[{"id":233,"href":"https:\/\/wp.ufpel.edu.br\/vitivinicultura\/wp-json\/wp\/v2\/posts\/229\/revisions\/233"}],"wp:attachment":[{"href":"https:\/\/wp.ufpel.edu.br\/vitivinicultura\/wp-json\/wp\/v2\/media?parent=229"}],"wp:term":[{"taxonomy":"category","embeddable":true,"href":"https:\/\/wp.ufpel.edu.br\/vitivinicultura\/wp-json\/wp\/v2\/categories?post=229"},{"taxonomy":"post_tag","embeddable":true,"href":"https:\/\/wp.ufpel.edu.br\/vitivinicultura\/wp-json\/wp\/v2\/tags?post=229"}],"curies":[{"name":"wp","href":"https:\/\/api.w.org\/{rel}","templated":true}]}}