{"id":160,"date":"2014-07-17T09:51:47","date_gmt":"2014-07-17T12:51:47","guid":{"rendered":"https:\/\/wp.ufpel.edu.br\/vitivinicultura\/?p=160"},"modified":"2014-07-17T09:51:47","modified_gmt":"2014-07-17T12:51:47","slug":"grupo-de-vitivinicultura-participa-de-reuniao-com-o-secretarios-de-agricultura-de-pinheiro-machado-hulha-negra-e-candiota","status":"publish","type":"post","link":"https:\/\/wp.ufpel.edu.br\/vitivinicultura\/2014\/07\/17\/grupo-de-vitivinicultura-participa-de-reuniao-com-o-secretarios-de-agricultura-de-pinheiro-machado-hulha-negra-e-candiota\/","title":{"rendered":"Grupo de Vitivinicultura participa de Reuni\u00e3o com o Secret\u00e1rios de Agricultura de Pinheiro Machado, Hulha Negra e Candiota"},"content":{"rendered":"<p>O projeto de vitivinicultura <em>\u201cEstrat\u00e9gias para o Desenvolvimento Sustent\u00e1vel da Vitivinicultura no Arco da Fronteira Sul\u201d<\/em> realizou, na tarde da \u00faltima quinta-feira (10), na Ag\u00eancia de Desenvolvimento da Bacia da Lagoa Mirim (ALM), uma reuni\u00e3o com os secret\u00e1rios de agricultura dos munic\u00edpios de Candiota, Hulha Negra e Pinheiro Machado.<\/p>\n<p>No encontro foi solicitado pelos secret\u00e1rios, ajuda t\u00e9cnica para especifica\u00e7\u00f5es de materiais para implanta\u00e7\u00e3o de vinhedos em produtores de assentamentos em seus munic\u00edpios.<br \/>\nA implanta\u00e7\u00e3o est\u00e1 sendo financiada pela SEAPA e tem como finalidade produtos para merenda escolar e troca de matriz produtiva.<\/p>\n<p>Estiveram presentes a coordenadora t\u00e9cnica do projeto de Vitivinicultura, Gizele Gadotti, o integrante do projeto e tamb\u00e9m coordenador do curso de Engenharia Ambiental e Sanit\u00e1ria, Robson Andreazza, e representantes da ALM.<\/p>\n<p><a href=\"https:\/\/wp.ufpel.edu.br\/vitivinicultura\/files\/2014\/07\/10544911_792913794075837_2004035046_n.jpg\"><img loading=\"lazy\" decoding=\"async\" class=\"size-medium wp-image-161 aligncenter\" src=\"https:\/\/wp.ufpel.edu.br\/vitivinicultura\/files\/2014\/07\/10544911_792913794075837_2004035046_n-424x318.jpg\" alt=\"10544911_792913794075837_2004035046_n\" width=\"424\" height=\"318\" srcset=\"https:\/\/wp.ufpel.edu.br\/vitivinicultura\/files\/2014\/07\/10544911_792913794075837_2004035046_n-424x318.jpg 424w, https:\/\/wp.ufpel.edu.br\/vitivinicultura\/files\/2014\/07\/10544911_792913794075837_2004035046_n-212x159.jpg 212w, https:\/\/wp.ufpel.edu.br\/vitivinicultura\/files\/2014\/07\/10544911_792913794075837_2004035046_n.jpg 960w\" sizes=\"auto, (max-width: 424px) 100vw, 424px\" \/><\/a><\/p>\n","protected":false},"excerpt":{"rendered":"<p>O projeto de vitivinicultura \u201cEstrat\u00e9gias para o Desenvolvimento Sustent\u00e1vel da Vitivinicultura no Arco da Fronteira Sul\u201d realizou, na tarde da \u00faltima quinta-feira (10), na Ag\u00eancia de Desenvolvimento da Bacia da Lagoa Mirim (ALM), uma reuni\u00e3o com os secret\u00e1rios de agricultura &hellip; <a href=\"https:\/\/wp.ufpel.edu.br\/vitivinicultura\/2014\/07\/17\/grupo-de-vitivinicultura-participa-de-reuniao-com-o-secretarios-de-agricultura-de-pinheiro-machado-hulha-negra-e-candiota\/\">Continue lendo <span class=\"meta-nav\">&rarr;<\/span><\/a><\/p>\n","protected":false},"author":385,"featured_media":0,"comment_status":"closed","ping_status":"closed","sticky":false,"template":"","format":"standard","meta":{"footnotes":""},"categories":[18],"tags":[],"class_list":["post-160","post","type-post","status-publish","format-standard","hentry","category-sem-categoria"],"jetpack_featured_media_url":"","_links":{"self":[{"href":"https:\/\/wp.ufpel.edu.br\/vitivinicultura\/wp-json\/wp\/v2\/posts\/160","targetHints":{"allow":["GET"]}}],"collection":[{"href":"https:\/\/wp.ufpel.edu.br\/vitivinicultura\/wp-json\/wp\/v2\/posts"}],"about":[{"href":"https:\/\/wp.ufpel.edu.br\/vitivinicultura\/wp-json\/wp\/v2\/types\/post"}],"author":[{"embeddable":true,"href":"https:\/\/wp.ufpel.edu.br\/vitivinicultura\/wp-json\/wp\/v2\/users\/385"}],"replies":[{"embeddable":true,"href":"https:\/\/wp.ufpel.edu.br\/vitivinicultura\/wp-json\/wp\/v2\/comments?post=160"}],"version-history":[{"count":1,"href":"https:\/\/wp.ufpel.edu.br\/vitivinicultura\/wp-json\/wp\/v2\/posts\/160\/revisions"}],"predecessor-version":[{"id":162,"href":"https:\/\/wp.ufpel.edu.br\/vitivinicultura\/wp-json\/wp\/v2\/posts\/160\/revisions\/162"}],"wp:attachment":[{"href":"https:\/\/wp.ufpel.edu.br\/vitivinicultura\/wp-json\/wp\/v2\/media?parent=160"}],"wp:term":[{"taxonomy":"category","embeddable":true,"href":"https:\/\/wp.ufpel.edu.br\/vitivinicultura\/wp-json\/wp\/v2\/categories?post=160"},{"taxonomy":"post_tag","embeddable":true,"href":"https:\/\/wp.ufpel.edu.br\/vitivinicultura\/wp-json\/wp\/v2\/tags?post=160"}],"curies":[{"name":"wp","href":"https:\/\/api.w.org\/{rel}","templated":true}]}}