{"id":922,"date":"2019-09-16T16:55:26","date_gmt":"2019-09-16T19:55:26","guid":{"rendered":"https:\/\/wp.ufpel.edu.br\/veterinaria\/?p=922"},"modified":"2019-09-16T16:55:26","modified_gmt":"2019-09-16T19:55:26","slug":"comemoracoes-50-anos-da-faculdade-de-veterinaria","status":"publish","type":"post","link":"https:\/\/wp.ufpel.edu.br\/veterinaria\/2019\/09\/16\/comemoracoes-50-anos-da-faculdade-de-veterinaria\/","title":{"rendered":"Comemora\u00e7\u00f5es &#8211; 50 anos da Faculdade de Veterin\u00e1ria"},"content":{"rendered":"<p><a href=\"https:\/\/wp.ufpel.edu.br\/veterinaria\/files\/2019\/09\/Comemora\u00e7\u00f5es-50-anos-data.jpg\"><img loading=\"lazy\" decoding=\"async\" class=\"alignnone size-medium wp-image-924\" src=\"https:\/\/wp.ufpel.edu.br\/veterinaria\/files\/2019\/09\/Comemora\u00e7\u00f5es-50-anos-data-216x318.jpg\" alt=\"\" width=\"216\" height=\"318\" srcset=\"https:\/\/wp.ufpel.edu.br\/veterinaria\/files\/2019\/09\/Comemora\u00e7\u00f5es-50-anos-data-216x318.jpg 216w, https:\/\/wp.ufpel.edu.br\/veterinaria\/files\/2019\/09\/Comemora\u00e7\u00f5es-50-anos-data-108x159.jpg 108w, https:\/\/wp.ufpel.edu.br\/veterinaria\/files\/2019\/09\/Comemora\u00e7\u00f5es-50-anos-data-768x1132.jpg 768w, https:\/\/wp.ufpel.edu.br\/veterinaria\/files\/2019\/09\/Comemora\u00e7\u00f5es-50-anos-data-204x300.jpg 204w, https:\/\/wp.ufpel.edu.br\/veterinaria\/files\/2019\/09\/Comemora\u00e7\u00f5es-50-anos-data.jpg 1019w\" sizes=\"auto, (max-width: 216px) 100vw, 216px\" \/><\/a><\/p>\n","protected":false},"excerpt":{"rendered":"","protected":false},"author":381,"featured_media":0,"comment_status":"closed","ping_status":"closed","sticky":false,"template":"","format":"standard","meta":{"footnotes":""},"categories":[72001],"tags":[],"class_list":["post-922","post","type-post","status-publish","format-standard","hentry","category-hcv"],"jetpack_featured_media_url":"","_links":{"self":[{"href":"https:\/\/wp.ufpel.edu.br\/veterinaria\/wp-json\/wp\/v2\/posts\/922","targetHints":{"allow":["GET"]}}],"collection":[{"href":"https:\/\/wp.ufpel.edu.br\/veterinaria\/wp-json\/wp\/v2\/posts"}],"about":[{"href":"https:\/\/wp.ufpel.edu.br\/veterinaria\/wp-json\/wp\/v2\/types\/post"}],"author":[{"embeddable":true,"href":"https:\/\/wp.ufpel.edu.br\/veterinaria\/wp-json\/wp\/v2\/users\/381"}],"replies":[{"embeddable":true,"href":"https:\/\/wp.ufpel.edu.br\/veterinaria\/wp-json\/wp\/v2\/comments?post=922"}],"version-history":[{"count":1,"href":"https:\/\/wp.ufpel.edu.br\/veterinaria\/wp-json\/wp\/v2\/posts\/922\/revisions"}],"predecessor-version":[{"id":925,"href":"https:\/\/wp.ufpel.edu.br\/veterinaria\/wp-json\/wp\/v2\/posts\/922\/revisions\/925"}],"wp:attachment":[{"href":"https:\/\/wp.ufpel.edu.br\/veterinaria\/wp-json\/wp\/v2\/media?parent=922"}],"wp:term":[{"taxonomy":"category","embeddable":true,"href":"https:\/\/wp.ufpel.edu.br\/veterinaria\/wp-json\/wp\/v2\/categories?post=922"},{"taxonomy":"post_tag","embeddable":true,"href":"https:\/\/wp.ufpel.edu.br\/veterinaria\/wp-json\/wp\/v2\/tags?post=922"}],"curies":[{"name":"wp","href":"https:\/\/api.w.org\/{rel}","templated":true}]}}