{"id":1208,"date":"2026-04-08T10:31:02","date_gmt":"2026-04-08T13:31:02","guid":{"rendered":"https:\/\/wp.ufpel.edu.br\/veterinaria\/?p=1208"},"modified":"2026-04-08T10:31:02","modified_gmt":"2026-04-08T13:31:02","slug":"nota-de-falecimento-renata-aldrighi-da-kruz","status":"publish","type":"post","link":"https:\/\/wp.ufpel.edu.br\/veterinaria\/2026\/04\/08\/nota-de-falecimento-renata-aldrighi-da-kruz\/","title":{"rendered":"Nota de Falecimento &#8211; Renata Aldrighi da Kruz"},"content":{"rendered":"<p style=\"text-align: center;\" data-path-to-node=\"6\">\n<p style=\"text-align: center;\" data-path-to-node=\"6\"><a href=\"https:\/\/wp.ufpel.edu.br\/veterinaria\/files\/2026\/04\/Renata.jpg\"><img loading=\"lazy\" decoding=\"async\" class=\"wp-image-1210 aligncenter\" src=\"https:\/\/wp.ufpel.edu.br\/veterinaria\/files\/2026\/04\/Renata-400x318.jpg\" alt=\"\" width=\"225\" height=\"180\" srcset=\"https:\/\/wp.ufpel.edu.br\/veterinaria\/files\/2026\/04\/Renata-400x318.jpg 400w, https:\/\/wp.ufpel.edu.br\/veterinaria\/files\/2026\/04\/Renata-768x610.jpg 768w, https:\/\/wp.ufpel.edu.br\/veterinaria\/files\/2026\/04\/Renata-378x300.jpg 378w, https:\/\/wp.ufpel.edu.br\/veterinaria\/files\/2026\/04\/Renata.jpg 898w\" sizes=\"auto, (max-width: 225px) 100vw, 225px\" \/><\/a><\/p>\n<p style=\"text-align: justify;\" data-path-to-node=\"6\">\u00c9 com profundo pesar que a Faculdade de Veterin\u00e1ria da Universidade Federal de Pelotas comunica o falecimento de nossa colaboradora e amiga, Renata Aldrighi da Kruz, ocorrido em 08\/04\/2026.<\/p>\n<p style=\"text-align: justify;\" data-path-to-node=\"16\">Mais do que uma excelente colega, ela era uma presen\u00e7a iluminada em nosso cotidiano, sempre pronta para ajudar com um sorriso no rosto. Sua partida deixa um vazio imenso, mas tamb\u00e9m mem\u00f3rias de companheirismo que guardaremos com carinho.<\/p>\n<p style=\"text-align: justify;\" data-path-to-node=\"17\">Desejamos for\u00e7a \u00e0 fam\u00edlia e aos amigos pr\u00f3ximos. Que encontrem conforto nas boas lembran\u00e7as que ela deixou.<\/p>\n<p data-path-to-node=\"9\"><b data-path-to-node=\"9\" data-index-in-node=\"0\">Informa\u00e7\u00f5es sobre Vel\u00f3rio e Sepultamento:<\/b><\/p>\n<ul data-path-to-node=\"10\">\n<li>\n<p data-path-to-node=\"10,0,0\"><b data-path-to-node=\"10,0,0\" data-index-in-node=\"0\">Local:<\/b> Av. Eliseu Maciel, 3003 (Memorial Pelotas Cemit\u00e9rio Parque)<\/p>\n<\/li>\n<li>\n<p data-path-to-node=\"10,1,0\"><b data-path-to-node=\"10,1,0\" data-index-in-node=\"0\">Data e Hor\u00e1rio:<\/b> Vel\u00f3rio &#8211; 08\/04\/2026 a partir das 10h \/ Sepultamento &#8211; 08\/04\/2026 \u00e0s 17h<\/p>\n<\/li>\n<\/ul>\n","protected":false},"excerpt":{"rendered":"<p>\u00c9 com profundo pesar que a Faculdade de Veterin\u00e1ria da Universidade Federal de Pelotas comunica o falecimento de nossa colaboradora e amiga, Renata Aldrighi da Kruz, ocorrido em 08\/04\/2026. Mais do que uma excelente colega, ela era uma presen\u00e7a iluminada &hellip; <a href=\"https:\/\/wp.ufpel.edu.br\/veterinaria\/2026\/04\/08\/nota-de-falecimento-renata-aldrighi-da-kruz\/\">Continue lendo <span class=\"meta-nav\">&rarr;<\/span><\/a><\/p>\n","protected":false},"author":381,"featured_media":0,"comment_status":"closed","ping_status":"closed","sticky":false,"template":"","format":"standard","meta":{"footnotes":""},"categories":[72001],"tags":[],"class_list":["post-1208","post","type-post","status-publish","format-standard","hentry","category-hcv"],"jetpack_featured_media_url":"","_links":{"self":[{"href":"https:\/\/wp.ufpel.edu.br\/veterinaria\/wp-json\/wp\/v2\/posts\/1208","targetHints":{"allow":["GET"]}}],"collection":[{"href":"https:\/\/wp.ufpel.edu.br\/veterinaria\/wp-json\/wp\/v2\/posts"}],"about":[{"href":"https:\/\/wp.ufpel.edu.br\/veterinaria\/wp-json\/wp\/v2\/types\/post"}],"author":[{"embeddable":true,"href":"https:\/\/wp.ufpel.edu.br\/veterinaria\/wp-json\/wp\/v2\/users\/381"}],"replies":[{"embeddable":true,"href":"https:\/\/wp.ufpel.edu.br\/veterinaria\/wp-json\/wp\/v2\/comments?post=1208"}],"version-history":[{"count":1,"href":"https:\/\/wp.ufpel.edu.br\/veterinaria\/wp-json\/wp\/v2\/posts\/1208\/revisions"}],"predecessor-version":[{"id":1211,"href":"https:\/\/wp.ufpel.edu.br\/veterinaria\/wp-json\/wp\/v2\/posts\/1208\/revisions\/1211"}],"wp:attachment":[{"href":"https:\/\/wp.ufpel.edu.br\/veterinaria\/wp-json\/wp\/v2\/media?parent=1208"}],"wp:term":[{"taxonomy":"category","embeddable":true,"href":"https:\/\/wp.ufpel.edu.br\/veterinaria\/wp-json\/wp\/v2\/categories?post=1208"},{"taxonomy":"post_tag","embeddable":true,"href":"https:\/\/wp.ufpel.edu.br\/veterinaria\/wp-json\/wp\/v2\/tags?post=1208"}],"curies":[{"name":"wp","href":"https:\/\/api.w.org\/{rel}","templated":true}]}}