{"id":1154,"date":"2025-05-06T11:05:31","date_gmt":"2025-05-06T14:05:31","guid":{"rendered":"https:\/\/wp.ufpel.edu.br\/veterinaria\/?p=1154"},"modified":"2025-05-06T11:05:31","modified_gmt":"2025-05-06T14:05:31","slug":"nota-de-pesar-professor-joao-carlos-maier","status":"publish","type":"post","link":"https:\/\/wp.ufpel.edu.br\/veterinaria\/2025\/05\/06\/nota-de-pesar-professor-joao-carlos-maier\/","title":{"rendered":"Nota de Pesar \u2013 Professor Jo\u00e3o Carlos Maier"},"content":{"rendered":"<p style=\"text-align: justify;\">\u00c9 com profundo pesar que a Faculdade de Veterin\u00e1ria da UFPel comunica o falecimento do Professor Jo\u00e3o Carlos Maier, ex-docente desta institui\u00e7\u00e3o.<\/p>\n<p style=\"text-align: justify;\"><a href=\"https:\/\/wp.ufpel.edu.br\/veterinaria\/files\/2025\/05\/WhatsApp-Image-2025-05-06-at-10.38.58.jpeg\"><img loading=\"lazy\" decoding=\"async\" class=\"wp-image-1156 size-thumbnail alignleft\" src=\"https:\/\/wp.ufpel.edu.br\/veterinaria\/files\/2025\/05\/WhatsApp-Image-2025-05-06-at-10.38.58-200x200.jpeg\" alt=\"\" width=\"200\" height=\"200\" \/><\/a><\/p>\n<p style=\"text-align: justify;\">O Professor Maier teve uma trajet\u00f3ria marcante no curso, onde atuou de 1972 at\u00e9 sua aposentadoria em 2018. Iniciou suas atividades lecionando a disciplina de Zootecnia e, posteriormente, dedicou-se ao ensino de Nutri\u00e7\u00e3o Animal e Zootecnia de Aves. Ao longo dessas d\u00e9cadas, foi professor homenageado de praticamente todas as turmas que acompanhou, reflexo do carinho e da admira\u00e7\u00e3o que alunos e colegas nutriam por ele.<\/p>\n<p style=\"text-align: justify;\">Mais do que um educador, o Professor Jo\u00e3o Carlos Maier formou uma verdadeira\u00a0legi\u00e3o de amigos e deixou um legado que transcende a sala de aula. Inspirou gera\u00e7\u00f5es de m\u00e9dicos-veterin\u00e1rios, tanto por seu conhecimento quanto por seu exemplo de dedica\u00e7\u00e3o, humanidade e companheirismo.<\/p>\n<p style=\"text-align: justify;\">Neste momento de tristeza, manifestamos nossa solidariedade aos familiares, amigos, ex-alunos e colegas de trabalho. Seu nome permanecer\u00e1 vivo na hist\u00f3ria da Medicina Veterin\u00e1ria da UFPel e na mem\u00f3ria de todos que tiveram o privil\u00e9gio de conviver com ele.<\/p>\n","protected":false},"excerpt":{"rendered":"<p>\u00c9 com profundo pesar que a Faculdade de Veterin\u00e1ria da UFPel comunica o falecimento do Professor Jo\u00e3o Carlos Maier, ex-docente desta institui\u00e7\u00e3o. O Professor Maier teve uma trajet\u00f3ria marcante no curso, onde atuou de 1972 at\u00e9 sua aposentadoria em 2018. &hellip; <a href=\"https:\/\/wp.ufpel.edu.br\/veterinaria\/2025\/05\/06\/nota-de-pesar-professor-joao-carlos-maier\/\">Continue lendo <span class=\"meta-nav\">&rarr;<\/span><\/a><\/p>\n","protected":false},"author":381,"featured_media":0,"comment_status":"closed","ping_status":"closed","sticky":false,"template":"","format":"standard","meta":{"footnotes":""},"categories":[72001],"tags":[],"class_list":["post-1154","post","type-post","status-publish","format-standard","hentry","category-hcv"],"jetpack_featured_media_url":"","_links":{"self":[{"href":"https:\/\/wp.ufpel.edu.br\/veterinaria\/wp-json\/wp\/v2\/posts\/1154","targetHints":{"allow":["GET"]}}],"collection":[{"href":"https:\/\/wp.ufpel.edu.br\/veterinaria\/wp-json\/wp\/v2\/posts"}],"about":[{"href":"https:\/\/wp.ufpel.edu.br\/veterinaria\/wp-json\/wp\/v2\/types\/post"}],"author":[{"embeddable":true,"href":"https:\/\/wp.ufpel.edu.br\/veterinaria\/wp-json\/wp\/v2\/users\/381"}],"replies":[{"embeddable":true,"href":"https:\/\/wp.ufpel.edu.br\/veterinaria\/wp-json\/wp\/v2\/comments?post=1154"}],"version-history":[{"count":4,"href":"https:\/\/wp.ufpel.edu.br\/veterinaria\/wp-json\/wp\/v2\/posts\/1154\/revisions"}],"predecessor-version":[{"id":1160,"href":"https:\/\/wp.ufpel.edu.br\/veterinaria\/wp-json\/wp\/v2\/posts\/1154\/revisions\/1160"}],"wp:attachment":[{"href":"https:\/\/wp.ufpel.edu.br\/veterinaria\/wp-json\/wp\/v2\/media?parent=1154"}],"wp:term":[{"taxonomy":"category","embeddable":true,"href":"https:\/\/wp.ufpel.edu.br\/veterinaria\/wp-json\/wp\/v2\/categories?post=1154"},{"taxonomy":"post_tag","embeddable":true,"href":"https:\/\/wp.ufpel.edu.br\/veterinaria\/wp-json\/wp\/v2\/tags?post=1154"}],"curies":[{"name":"wp","href":"https:\/\/api.w.org\/{rel}","templated":true}]}}