{"id":879,"date":"2022-03-07T18:17:30","date_gmt":"2022-03-07T21:17:30","guid":{"rendered":"https:\/\/wp.ufpel.edu.br\/vetcor\/?p=879"},"modified":"2022-03-07T18:21:21","modified_gmt":"2022-03-07T21:21:21","slug":"ceratose-liquenoide-em-caes-caracteristicas-e-diagnostico-de-uma-enfermidade-raramente-relatada-na-medicina-veterinaria","status":"publish","type":"post","link":"https:\/\/wp.ufpel.edu.br\/vetcor\/2022\/03\/07\/ceratose-liquenoide-em-caes-caracteristicas-e-diagnostico-de-uma-enfermidade-raramente-relatada-na-medicina-veterinaria\/","title":{"rendered":"Ceratose liquen\u00f3ide em c\u00e3es: caracter\u00edsticas e diagn\u00f3stico de uma enfermidade raramente relatada na medicina veterin\u00e1ria"},"content":{"rendered":"<h2 style=\"text-align: justify\"><strong>Ceratose liquen\u00f3ide em c\u00e3es: caracter\u00edsticas e diagn\u00f3stico de uma enfermidade raramente relatada na medicina veterin\u00e1ria<\/strong><\/h2>\n<p style=\"text-align: justify\">Maysa Seibert de Le\u00e3o, Eduardo Gon\u00e7alves da Silva, Michaela Marques Rocha, Caroline Castagnara Alves, Francesca Lopes Zibetti, Daniele Weber Fernandes, Tha\u00edssa Gomes Pellegrin, Brenda Madruga Rosa, Amanda Leal de Vasconcellos, Paula Priscila Correia Costa<\/p>\n<p style=\"text-align: justify\">Resumo: A ceratose liquen\u00f3ide \u00e9 uma enfermidade cut\u00e2nea pouco relatada e que ainda possui pouco estudo em Medicina Veterin\u00e1ria. Essa enfermidade pode acometer c\u00e3es adultos de forma idiop\u00e1tica, causando les\u00f5es solit\u00e1rias, alop\u00e9cicas e n\u00e3o pruriginosa no pavilh\u00e3o auricular, axilas e virilhas de c\u00e3es adultos. Frequentemente as les\u00f5es desaparecem espontaneamente, dificultando o diagn\u00f3stico dessa enfermidade, que \u00e9 realizado de acordo com as caracter\u00edsticas macrosc\u00f3picas das les\u00f5es cut\u00e2neas e an\u00e1lises histopatol\u00f3gicas. O objetivo desta revis\u00e3o de Literatura \u00e9 caracterizar as les\u00f5es causadas por essa enfermidade e a realiza\u00e7\u00e3o do seu diagn\u00f3stico, assim como seu diagn\u00f3stico diferencial.<\/p>\n<p style=\"text-align: justify\">Palavras chave: Caninos, histopatologia, les\u00e3o cut\u00e2nea<\/p>\n<p style=\"text-align: justify\"><a href=\"https:\/\/doi.org\/10.31533\/pubvet.v15n09a921.1-4\">https:\/\/doi.org\/10.31533\/pubvet.v15n09a921.1-4<\/a><\/p>\n","protected":false},"excerpt":{"rendered":"<p>Ceratose liquen\u00f3ide em c\u00e3es: caracter\u00edsticas e diagn\u00f3stico de uma enfermidade raramente relatada na medicina veterin\u00e1ria Maysa Seibert de Le\u00e3o, Eduardo Gon\u00e7alves da Silva, Michaela Marques Rocha, Caroline Castagnara Alves, Francesca Lopes Zibetti, Daniele Weber Fernandes, Tha\u00edssa Gomes Pellegrin, Brenda Madruga Rosa, Amanda Leal de Vasconcellos, Paula Priscila Correia Costa Resumo: A ceratose liquen\u00f3ide \u00e9 uma [&hellip;]<\/p>\n","protected":false},"author":1020,"featured_media":0,"comment_status":"closed","ping_status":"closed","sticky":false,"template":"","format":"standard","meta":{"footnotes":""},"categories":[9],"tags":[],"class_list":["post-879","post","type-post","status-publish","format-standard","hentry","category-clinica-geral"],"jetpack_featured_media_url":"","_links":{"self":[{"href":"https:\/\/wp.ufpel.edu.br\/vetcor\/wp-json\/wp\/v2\/posts\/879","targetHints":{"allow":["GET"]}}],"collection":[{"href":"https:\/\/wp.ufpel.edu.br\/vetcor\/wp-json\/wp\/v2\/posts"}],"about":[{"href":"https:\/\/wp.ufpel.edu.br\/vetcor\/wp-json\/wp\/v2\/types\/post"}],"author":[{"embeddable":true,"href":"https:\/\/wp.ufpel.edu.br\/vetcor\/wp-json\/wp\/v2\/users\/1020"}],"replies":[{"embeddable":true,"href":"https:\/\/wp.ufpel.edu.br\/vetcor\/wp-json\/wp\/v2\/comments?post=879"}],"version-history":[{"count":7,"href":"https:\/\/wp.ufpel.edu.br\/vetcor\/wp-json\/wp\/v2\/posts\/879\/revisions"}],"predecessor-version":[{"id":889,"href":"https:\/\/wp.ufpel.edu.br\/vetcor\/wp-json\/wp\/v2\/posts\/879\/revisions\/889"}],"wp:attachment":[{"href":"https:\/\/wp.ufpel.edu.br\/vetcor\/wp-json\/wp\/v2\/media?parent=879"}],"wp:term":[{"taxonomy":"category","embeddable":true,"href":"https:\/\/wp.ufpel.edu.br\/vetcor\/wp-json\/wp\/v2\/categories?post=879"},{"taxonomy":"post_tag","embeddable":true,"href":"https:\/\/wp.ufpel.edu.br\/vetcor\/wp-json\/wp\/v2\/tags?post=879"}],"curies":[{"name":"wp","href":"https:\/\/api.w.org\/{rel}","templated":true}]}}