{"id":640,"date":"2020-07-15T17:40:35","date_gmt":"2020-07-15T20:40:35","guid":{"rendered":"https:\/\/wp.ufpel.edu.br\/vetcor\/?p=640"},"modified":"2020-07-15T17:40:35","modified_gmt":"2020-07-15T20:40:35","slug":"catarata-diabetogenica-em-cao-jovem-relato-de-caso","status":"publish","type":"post","link":"https:\/\/wp.ufpel.edu.br\/vetcor\/2020\/07\/15\/catarata-diabetogenica-em-cao-jovem-relato-de-caso\/","title":{"rendered":"Catarata diabetog\u00eanica em c\u00e3o jovem \u2013 Relato de Caso"},"content":{"rendered":"<h2 style=\"text-align: justify\"><strong>Catarata diabetog\u00eanica em c\u00e3o jovem \u2013 Relato de Caso <\/strong><\/h2>\n<p style=\"text-align: justify\"><em>Danielle Cristina Sampaio Lopes, Leonardo Alves Rodrigues Cabral, Maressa Holanda dos Santos, Mirza Melo, Paula Priscila Correia Costa <\/em><\/p>\n<p style=\"text-align: justify\">Resumo: A catarata \u00e9 uma afec\u00e7\u00e3o que atinge seres humanos e animais, ocorrendo quando o\u00a0 cristalino\u00a0 apresenta\u00a0 algum\u00a0 grau\u00a0 de\u00a0 opacidade.\u00a0 Suas\u00a0 causas\u00a0 podem\u00a0 estar\u00a0 ligadas\u00a0 a\u00a0 fatores heredit\u00e1rios,\u00a0 inflamat\u00f3rios,\u00a0 metab\u00f3licos,\u00a0 traum\u00e1ticos,\u00a0 nutricionais\u00a0 e\u00a0 t\u00f3xicos.\u00a0 A\u00a0 indica\u00e7\u00e3o\u00a0 de cirurgia \u00e9 cogitada quando a opacidade compromete significativamente a vis\u00e3o.\u00a0 No entanto, o procedimento cir\u00fargico\u00a0 s\u00f3 deve ser\u00a0 institu\u00eddo ap\u00f3s a avalia\u00e7\u00e3o\u00a0 da fun\u00e7\u00e3o da retina atrav\u00e9s do eletrorretinograma, que compreende o registro de correntes el\u00e9tricas geradas em resposta a um est\u00edmulo luminoso previamente estabelecido. O presente trabalho tem o objetivo de relatar um caso de catarata em um c\u00e3o. O paciente apresentava manchas oculares, sendo mais evidente a do olho esquerdo. Ao realizar-se o exame cl\u00ednico oftalmol\u00f3gico, constatou-se catarata madura no olho esquerdo e catarata\u00a0 imatura\u00a0 no olho\u00a0 direito. O eletrorretinograma revelou que a\u00a0 retina estava \u00edntegra em ambos os olhos. Foi realizada a Facoelmusifica\u00e7\u00e3o no olho esquerdo, obtendo-se pleno \u00eaxito com o procedimento.<\/p>\n<p style=\"text-align: justify\"><a href=\"https:\/\/www.researchgate.net\/publication\/312107467_Diabetogenic_cataract_in_young_dog_case_report\">https:\/\/www.researchgate.net\/publication\/312107467_Diabetogenic_cataract_in_young_dog_case_report<\/a><\/p>\n","protected":false},"excerpt":{"rendered":"<p>Catarata diabetog\u00eanica em c\u00e3o jovem \u2013 Relato de Caso Danielle Cristina Sampaio Lopes, Leonardo Alves Rodrigues Cabral, Maressa Holanda dos Santos, Mirza Melo, Paula Priscila Correia Costa Resumo: A catarata \u00e9 uma afec\u00e7\u00e3o que atinge seres humanos e animais, ocorrendo quando o\u00a0 cristalino\u00a0 apresenta\u00a0 algum\u00a0 grau\u00a0 de\u00a0 opacidade.\u00a0 Suas\u00a0 causas\u00a0 podem\u00a0 estar\u00a0 ligadas\u00a0 a\u00a0 fatores [&hellip;]<\/p>\n","protected":false},"author":1020,"featured_media":0,"comment_status":"closed","ping_status":"closed","sticky":false,"template":"","format":"standard","meta":{"footnotes":""},"categories":[9],"tags":[],"class_list":["post-640","post","type-post","status-publish","format-standard","hentry","category-clinica-geral"],"jetpack_featured_media_url":"","_links":{"self":[{"href":"https:\/\/wp.ufpel.edu.br\/vetcor\/wp-json\/wp\/v2\/posts\/640","targetHints":{"allow":["GET"]}}],"collection":[{"href":"https:\/\/wp.ufpel.edu.br\/vetcor\/wp-json\/wp\/v2\/posts"}],"about":[{"href":"https:\/\/wp.ufpel.edu.br\/vetcor\/wp-json\/wp\/v2\/types\/post"}],"author":[{"embeddable":true,"href":"https:\/\/wp.ufpel.edu.br\/vetcor\/wp-json\/wp\/v2\/users\/1020"}],"replies":[{"embeddable":true,"href":"https:\/\/wp.ufpel.edu.br\/vetcor\/wp-json\/wp\/v2\/comments?post=640"}],"version-history":[{"count":1,"href":"https:\/\/wp.ufpel.edu.br\/vetcor\/wp-json\/wp\/v2\/posts\/640\/revisions"}],"predecessor-version":[{"id":642,"href":"https:\/\/wp.ufpel.edu.br\/vetcor\/wp-json\/wp\/v2\/posts\/640\/revisions\/642"}],"wp:attachment":[{"href":"https:\/\/wp.ufpel.edu.br\/vetcor\/wp-json\/wp\/v2\/media?parent=640"}],"wp:term":[{"taxonomy":"category","embeddable":true,"href":"https:\/\/wp.ufpel.edu.br\/vetcor\/wp-json\/wp\/v2\/categories?post=640"},{"taxonomy":"post_tag","embeddable":true,"href":"https:\/\/wp.ufpel.edu.br\/vetcor\/wp-json\/wp\/v2\/tags?post=640"}],"curies":[{"name":"wp","href":"https:\/\/api.w.org\/{rel}","templated":true}]}}