{"id":609,"date":"2020-07-15T17:15:27","date_gmt":"2020-07-15T20:15:27","guid":{"rendered":"https:\/\/wp.ufpel.edu.br\/vetcor\/?p=609"},"modified":"2020-07-15T17:15:27","modified_gmt":"2020-07-15T20:15:27","slug":"porfiria-em-pequenos-animais","status":"publish","type":"post","link":"https:\/\/wp.ufpel.edu.br\/vetcor\/2020\/07\/15\/porfiria-em-pequenos-animais\/","title":{"rendered":"Porfiria em Pequenos Animais"},"content":{"rendered":"<h2 style=\"text-align: justify\"><strong>Porfiria em Pequenos Animais<\/strong><\/h2>\n<p style=\"text-align: justify\"><em>Amanda Albuquerque Rocha, Mariana Andrioli Pinheiro, Paula Priscila Correia Costa<\/em><\/p>\n<p style=\"text-align: justify\">Resumo: As porfirias s\u00e3o um grupo de doen\u00e7as, heredit\u00e1rias ou adquiridas que envolvem as enzimas da s\u00edntese do grupo heme, podendo ser devido \u00e0 inibi\u00e7\u00e3o ou insufici\u00eancia das enzimas. Oito enzimas diferentes participam das etapas da s\u00edntese do grupo heme, a defici\u00eancia de uma destas enzimas gera o ac\u00famulo dos precursores qu\u00edmicos, as porfirinas, que podem se acumular nos tecidos, especialmente na medula \u00f3ssea e no f\u00edgado. O excesso de porfirinas pode acarretar fotossensibilidade, onde os pacientes se tornam sens\u00edveis \u00e0 luz solar, ou causar les\u00f5es nervosas. Existem diversos tipos de porfirias, cada tipo relacionado com a enzima que apresenta o defeito, levando ao ac\u00famulo do seu precursor imediato, e conseq\u00fcentemente desenvolvendo as manifesta\u00e7\u00f5es cl\u00ednicas caracter\u00edsticas. Cada tipo de porfiria produz sintomas diferentes, requerem exames espec\u00edficos para o estabelecimento do diagn\u00f3stico e tratamentos individualizados. Desta forma, o objetivo deste trabalho \u00e9 abordar uma revis\u00e3o de literatura sobre esta tema t\u00e3o importante na cl\u00ednica de pequenos animais.<\/p>\n<p style=\"text-align: justify\"><a href=\"http:\/\/periodicos.uem.br\/ojs\/index.php\/RevCiVet\/article\/view\/32569\/pdf\">http:\/\/periodicos.uem.br\/ojs\/index.php\/RevCiVet\/article\/view\/32569\/pdf<\/a><\/p>\n","protected":false},"excerpt":{"rendered":"<p>Porfiria em Pequenos Animais Amanda Albuquerque Rocha, Mariana Andrioli Pinheiro, Paula Priscila Correia Costa Resumo: As porfirias s\u00e3o um grupo de doen\u00e7as, heredit\u00e1rias ou adquiridas que envolvem as enzimas da s\u00edntese do grupo heme, podendo ser devido \u00e0 inibi\u00e7\u00e3o ou insufici\u00eancia das enzimas. Oito enzimas diferentes participam das etapas da s\u00edntese do grupo heme, a [&hellip;]<\/p>\n","protected":false},"author":1020,"featured_media":0,"comment_status":"closed","ping_status":"closed","sticky":false,"template":"","format":"standard","meta":{"footnotes":""},"categories":[9],"tags":[],"class_list":["post-609","post","type-post","status-publish","format-standard","hentry","category-clinica-geral"],"jetpack_featured_media_url":"","_links":{"self":[{"href":"https:\/\/wp.ufpel.edu.br\/vetcor\/wp-json\/wp\/v2\/posts\/609","targetHints":{"allow":["GET"]}}],"collection":[{"href":"https:\/\/wp.ufpel.edu.br\/vetcor\/wp-json\/wp\/v2\/posts"}],"about":[{"href":"https:\/\/wp.ufpel.edu.br\/vetcor\/wp-json\/wp\/v2\/types\/post"}],"author":[{"embeddable":true,"href":"https:\/\/wp.ufpel.edu.br\/vetcor\/wp-json\/wp\/v2\/users\/1020"}],"replies":[{"embeddable":true,"href":"https:\/\/wp.ufpel.edu.br\/vetcor\/wp-json\/wp\/v2\/comments?post=609"}],"version-history":[{"count":1,"href":"https:\/\/wp.ufpel.edu.br\/vetcor\/wp-json\/wp\/v2\/posts\/609\/revisions"}],"predecessor-version":[{"id":611,"href":"https:\/\/wp.ufpel.edu.br\/vetcor\/wp-json\/wp\/v2\/posts\/609\/revisions\/611"}],"wp:attachment":[{"href":"https:\/\/wp.ufpel.edu.br\/vetcor\/wp-json\/wp\/v2\/media?parent=609"}],"wp:term":[{"taxonomy":"category","embeddable":true,"href":"https:\/\/wp.ufpel.edu.br\/vetcor\/wp-json\/wp\/v2\/categories?post=609"},{"taxonomy":"post_tag","embeddable":true,"href":"https:\/\/wp.ufpel.edu.br\/vetcor\/wp-json\/wp\/v2\/tags?post=609"}],"curies":[{"name":"wp","href":"https:\/\/api.w.org\/{rel}","templated":true}]}}