{"id":192,"date":"2020-06-15T23:00:01","date_gmt":"2020-06-16T02:00:01","guid":{"rendered":"https:\/\/wp.ufpel.edu.br\/vetcor\/?p=192"},"modified":"2020-06-15T23:00:01","modified_gmt":"2020-06-16T02:00:01","slug":"hipertrofia-concentrica-secundaria-a-hipertensao-arterial-em-cadela-relato-de-caso","status":"publish","type":"post","link":"https:\/\/wp.ufpel.edu.br\/vetcor\/2020\/06\/15\/hipertrofia-concentrica-secundaria-a-hipertensao-arterial-em-cadela-relato-de-caso\/","title":{"rendered":"Hipertrofia Conc\u00eantrica Secund\u00e1ria \u00e0 Hipertens\u00e3o Arterial em Cadela \u2013 Relato de Caso"},"content":{"rendered":"<h2 style=\"text-align: justify\"><strong>Hipertrofia Conc\u00eantrica Secund\u00e1ria \u00e0 Hipertens\u00e3o Arterial em Cadela \u2013 Relato de Caso <\/strong><\/h2>\n<p style=\"text-align: justify\"><em>Paula Correia Medeiros dos Santos; Leonardo Alves Rodrigues Cabral; Maressa Holanda dos Santos; Patricia Lustosa Martins; Paula Priscila Correia Costa<\/em><\/p>\n<p style=\"text-align: justify\">Resumo: Foi atendido na rotina do UHV-UECE, no dia 03 de Julho de 2015 um paciente canino f\u00eamea, da ra\u00e7a Poodle de 9 anos de idade, peso de 7,0 kg. O animal foi trazido pela propriet\u00e1ria ao UHV com a inten\u00e7\u00e3o de marcar uma ov\u00e1rio-salpingohisterectomia (OSH) eletiva. Foram solicitados os seguintes exames: ecodopllercardiograma, eletrocardiograma e aferi\u00e7\u00e3o da press\u00e3o arterial. Atrav\u00e9s dos resulatdos obtidos nos exames constatou-se que a paciente era cardiopata. Por conseguinte, nos exames foi observada uma hipertrofia conc\u00eantrica, dilata\u00e7\u00e3o Atrial esquerda e direita discreta. Al\u00e9m de espessamento de valva mitral e fluxo regurgitante em mitral, tric\u00faspide e pulmonar de baixa intensidade. O animal foi tratado com Cloridrato de benazepril e ap\u00f3s um m\u00eas de tratamento a press\u00e3o arterial foi normalizada, tornando-se poss\u00edvel a realiza\u00e7\u00e3o da OSH eletiva.<\/p>\n<p style=\"text-align: justify\"><a href=\"http:\/\/www.higieneanimal.ufc.br\/seer\/index.php\/higieneanimal\/article\/download\/355\/1964\">http:\/\/www.higieneanimal.ufc.br\/seer\/index.php\/higieneanimal\/article\/download\/355\/1964<\/a><\/p>\n","protected":false},"excerpt":{"rendered":"<p>Hipertrofia Conc\u00eantrica Secund\u00e1ria \u00e0 Hipertens\u00e3o Arterial em Cadela \u2013 Relato de Caso Paula Correia Medeiros dos Santos; Leonardo Alves Rodrigues Cabral; Maressa Holanda dos Santos; Patricia Lustosa Martins; Paula Priscila Correia Costa Resumo: Foi atendido na rotina do UHV-UECE, no dia 03 de Julho de 2015 um paciente canino f\u00eamea, da ra\u00e7a Poodle de 9 [&hellip;]<\/p>\n","protected":false},"author":1020,"featured_media":0,"comment_status":"closed","ping_status":"closed","sticky":false,"template":"","format":"standard","meta":{"footnotes":""},"categories":[4],"tags":[],"class_list":["post-192","post","type-post","status-publish","format-standard","hentry","category-cardiopatias"],"jetpack_featured_media_url":"","_links":{"self":[{"href":"https:\/\/wp.ufpel.edu.br\/vetcor\/wp-json\/wp\/v2\/posts\/192","targetHints":{"allow":["GET"]}}],"collection":[{"href":"https:\/\/wp.ufpel.edu.br\/vetcor\/wp-json\/wp\/v2\/posts"}],"about":[{"href":"https:\/\/wp.ufpel.edu.br\/vetcor\/wp-json\/wp\/v2\/types\/post"}],"author":[{"embeddable":true,"href":"https:\/\/wp.ufpel.edu.br\/vetcor\/wp-json\/wp\/v2\/users\/1020"}],"replies":[{"embeddable":true,"href":"https:\/\/wp.ufpel.edu.br\/vetcor\/wp-json\/wp\/v2\/comments?post=192"}],"version-history":[{"count":1,"href":"https:\/\/wp.ufpel.edu.br\/vetcor\/wp-json\/wp\/v2\/posts\/192\/revisions"}],"predecessor-version":[{"id":194,"href":"https:\/\/wp.ufpel.edu.br\/vetcor\/wp-json\/wp\/v2\/posts\/192\/revisions\/194"}],"wp:attachment":[{"href":"https:\/\/wp.ufpel.edu.br\/vetcor\/wp-json\/wp\/v2\/media?parent=192"}],"wp:term":[{"taxonomy":"category","embeddable":true,"href":"https:\/\/wp.ufpel.edu.br\/vetcor\/wp-json\/wp\/v2\/categories?post=192"},{"taxonomy":"post_tag","embeddable":true,"href":"https:\/\/wp.ufpel.edu.br\/vetcor\/wp-json\/wp\/v2\/tags?post=192"}],"curies":[{"name":"wp","href":"https:\/\/api.w.org\/{rel}","templated":true}]}}