{"id":186,"date":"2020-06-15T22:57:23","date_gmt":"2020-06-16T01:57:23","guid":{"rendered":"https:\/\/wp.ufpel.edu.br\/vetcor\/?p=186"},"modified":"2020-06-15T22:57:23","modified_gmt":"2020-06-16T01:57:23","slug":"sindrome-de-eisenmenger-em-um-gato","status":"publish","type":"post","link":"https:\/\/wp.ufpel.edu.br\/vetcor\/2020\/06\/15\/sindrome-de-eisenmenger-em-um-gato\/","title":{"rendered":"S\u00edndrome de Eisenmenger em um gato"},"content":{"rendered":"<h2 style=\"text-align: justify\"><strong>S\u00edndrome de Eisenmenger em um gato <\/strong><\/h2>\n<p style=\"text-align: justify\"><em>P.P.C. Costa, I.C. Barroso, M.H. Santos, L.A.R. Cabral, A.C.V. Cavalcante, F.R.N. Rodrigues, J.S. Ferreira, T.M. Almeida, D.A. Viana<\/em><\/p>\n<p style=\"text-align: justify\">Resumo: Uma gata persa de 6 meses de idade, 1,0 kg, n\u00e3o-castrada, foi levada ao Hospital Veterin\u00e1rio da Universidade Estadual do Cear\u00e1, com hist\u00f3rico de dispn\u00e9ia, prostra\u00e7\u00e3o, hiporexia e perda progressiva de peso por um m\u00eas.\u00a0Ao exame f\u00edsico, foram detectados sopro card\u00edaco sist\u00f3lico, cianose e dispn\u00e9ia.\u00a0Infelizmente, o gato morreu durante a oxigenoterapia.\u00a0O exame de necropsia revelou aumento da silhueta card\u00edaca e comunica\u00e7\u00e3o interventricular de 2 cm de di\u00e2metro.\u00a0Macroscopicamente, os pulm\u00f5es foram colapsados, com crepita\u00e7\u00e3o enegrecida ausente e difusamente avermelhada, e o f\u00edgado com \u00e1reas multifocais coalescentes avermelhadas, intercaladas com \u00e1reas mais claras e padr\u00e3o lobular com \u00e1reas multifocais acastanhadas irregulares interceptadas por \u00e1reas acastanhadas. Assim, os resultados da necropsia, juntamente com a hist\u00f3ria e o exame f\u00edsico do animal, confirmaram o diagn\u00f3stico da s\u00edndrome de Eisenmenger, tornando-se o relato do primeiro caso, em um gato, no Brasil.<\/p>\n<p style=\"text-align: justify\"><a href=\"https:\/\/www.scielo.br\/pdf\/abmvz\/v70n2\/1678-4162-abmvz-70-02-00633.pdf\">https:\/\/www.scielo.br\/pdf\/abmvz\/v70n2\/1678-4162-abmvz-70-02-00633.pdf<\/a><\/p>\n","protected":false},"excerpt":{"rendered":"<p>S\u00edndrome de Eisenmenger em um gato P.P.C. Costa, I.C. Barroso, M.H. Santos, L.A.R. Cabral, A.C.V. Cavalcante, F.R.N. Rodrigues, J.S. Ferreira, T.M. Almeida, D.A. Viana Resumo: Uma gata persa de 6 meses de idade, 1,0 kg, n\u00e3o-castrada, foi levada ao Hospital Veterin\u00e1rio da Universidade Estadual do Cear\u00e1, com hist\u00f3rico de dispn\u00e9ia, prostra\u00e7\u00e3o, hiporexia e perda progressiva [&hellip;]<\/p>\n","protected":false},"author":1020,"featured_media":0,"comment_status":"closed","ping_status":"closed","sticky":false,"template":"","format":"standard","meta":{"footnotes":""},"categories":[4],"tags":[],"class_list":["post-186","post","type-post","status-publish","format-standard","hentry","category-cardiopatias"],"jetpack_featured_media_url":"","_links":{"self":[{"href":"https:\/\/wp.ufpel.edu.br\/vetcor\/wp-json\/wp\/v2\/posts\/186","targetHints":{"allow":["GET"]}}],"collection":[{"href":"https:\/\/wp.ufpel.edu.br\/vetcor\/wp-json\/wp\/v2\/posts"}],"about":[{"href":"https:\/\/wp.ufpel.edu.br\/vetcor\/wp-json\/wp\/v2\/types\/post"}],"author":[{"embeddable":true,"href":"https:\/\/wp.ufpel.edu.br\/vetcor\/wp-json\/wp\/v2\/users\/1020"}],"replies":[{"embeddable":true,"href":"https:\/\/wp.ufpel.edu.br\/vetcor\/wp-json\/wp\/v2\/comments?post=186"}],"version-history":[{"count":1,"href":"https:\/\/wp.ufpel.edu.br\/vetcor\/wp-json\/wp\/v2\/posts\/186\/revisions"}],"predecessor-version":[{"id":188,"href":"https:\/\/wp.ufpel.edu.br\/vetcor\/wp-json\/wp\/v2\/posts\/186\/revisions\/188"}],"wp:attachment":[{"href":"https:\/\/wp.ufpel.edu.br\/vetcor\/wp-json\/wp\/v2\/media?parent=186"}],"wp:term":[{"taxonomy":"category","embeddable":true,"href":"https:\/\/wp.ufpel.edu.br\/vetcor\/wp-json\/wp\/v2\/categories?post=186"},{"taxonomy":"post_tag","embeddable":true,"href":"https:\/\/wp.ufpel.edu.br\/vetcor\/wp-json\/wp\/v2\/tags?post=186"}],"curies":[{"name":"wp","href":"https:\/\/api.w.org\/{rel}","templated":true}]}}