{"id":950,"date":"2024-05-15T21:38:30","date_gmt":"2024-05-16T00:38:30","guid":{"rendered":"https:\/\/wp.ufpel.edu.br\/tesouro-linguistico\/?p=950"},"modified":"2024-05-22T16:46:53","modified_gmt":"2024-05-22T19:46:53","slug":"com-ou-sem-preposicao-a-variacao-na-regencia-dos-verbos-assistir-e-implicar","status":"publish","type":"post","link":"https:\/\/wp.ufpel.edu.br\/tesouro-linguistico\/2024\/05\/15\/com-ou-sem-preposicao-a-variacao-na-regencia-dos-verbos-assistir-e-implicar\/","title":{"rendered":"Com ou sem preposi\u00e7\u00e3o? A varia\u00e7\u00e3o na reg\u00eancia dos verbos &#8220;assistir&#8221; e &#8220;implicar&#8221;"},"content":{"rendered":"<p style=\"text-align: justify;\"><span style=\"font-weight: 400;\">\u201cAssisto o filme\u201d ou \u201cassisto ao filme\u201d? \u201cChuvas torrenciais implicam em inunda\u00e7\u00f5es\u201d ou \u201cchuvas torrenciais implicam inunda\u00e7\u00f5es\u201d? Voc\u00ea j\u00e1 deve ter se deparado com essas duas formas lingu\u00edsticas de expressar a mesma coisa referentes a cada verbo ou deve ter se perguntado qual delas \u00e9 a forma correta de se falar ou escrever, certo? O certo mesmo \u00e9 que ambas as formas existem e s\u00e3o leg\u00edtimas para cada verbo.\u00a0<\/span><\/p>\n<p><img data-recalc-dims=\"1\" loading=\"lazy\" decoding=\"async\" class=\" wp-image-953 aligncenter\" src=\"https:\/\/i0.wp.com\/wp.ufpel.edu.br\/tesouro-linguistico\/files\/2024\/05\/Imagem-do-WhatsApp-de-2024-05-22-as-16.37.22_45d0cfc0.jpg?resize=295%2C295&#038;ssl=1\" alt=\"\" width=\"295\" height=\"295\" srcset=\"https:\/\/i0.wp.com\/wp.ufpel.edu.br\/tesouro-linguistico\/files\/2024\/05\/Imagem-do-WhatsApp-de-2024-05-22-as-16.37.22_45d0cfc0.jpg?resize=400%2C400&amp;ssl=1 400w, https:\/\/i0.wp.com\/wp.ufpel.edu.br\/tesouro-linguistico\/files\/2024\/05\/Imagem-do-WhatsApp-de-2024-05-22-as-16.37.22_45d0cfc0.jpg?resize=1024%2C1024&amp;ssl=1 1024w, https:\/\/i0.wp.com\/wp.ufpel.edu.br\/tesouro-linguistico\/files\/2024\/05\/Imagem-do-WhatsApp-de-2024-05-22-as-16.37.22_45d0cfc0.jpg?resize=200%2C200&amp;ssl=1 200w, https:\/\/i0.wp.com\/wp.ufpel.edu.br\/tesouro-linguistico\/files\/2024\/05\/Imagem-do-WhatsApp-de-2024-05-22-as-16.37.22_45d0cfc0.jpg?resize=768%2C768&amp;ssl=1 768w, https:\/\/i0.wp.com\/wp.ufpel.edu.br\/tesouro-linguistico\/files\/2024\/05\/Imagem-do-WhatsApp-de-2024-05-22-as-16.37.22_45d0cfc0.jpg?w=1080&amp;ssl=1 1080w\" sizes=\"auto, (max-width: 295px) 100vw, 295px\" \/><\/p>\n<p style=\"text-align: justify;\"><span style=\"font-weight: 400;\">Os manuais de gram\u00e1tica normativa do portugu\u00eas, como o de Evanildo Bechara (2005) e o de Celso Cunha e Lindley Cintra (2001), direcionam suas pesquisas para organizar a l\u00edngua por meio de regras categ\u00f3ricas, incluindo regras de reg\u00eancia verbal. Para esses manuais, o verbo <b>assistir<\/b>, quando empregado no sentido de ver, \u00e9 transitivo indireto, sendo necess\u00e1ria a presen\u00e7a da preposi\u00e7\u00e3o diante do complemento desse verbo; dessa forma, do ponto de vista gramatical, seria \u201cassisto ao filme\u201d. Com rela\u00e7\u00e3o a<\/span><span style=\"font-weight: 400;\">o verbo <\/span><b>implicar<\/b><span style=\"font-weight: 400;\">, no sentido de ter consequ\u00eancia\/resultar, funciona como um verbo transitivo direto, ou seja, sem preposi\u00e7\u00e3o alguma diante de seu complemento; assim, sob esse ponto de vista, \u201cchuvas torrenciais implicam inunda\u00e7\u00f5es\u201d.\u00a0<\/span><\/p>\n<p style=\"text-align: justify;\"><span style=\"font-weight: 400;\">Mas o que se pode constatar diante disso \u00e9 uma certa desobedi\u00eancia por parte dos falantes com rela\u00e7\u00e3o \u00e0 reg\u00eancia desses verbos. \u00c9 cada vez mais frequente encontrarmos casos nos quais eles n\u00e3o fazem uso da preposi\u00e7\u00e3o <i>a<\/i> quando o verbo<b> assistir<\/b> \u00e9 utilizado, bem como <\/span><span style=\"font-weight: 400;\">f<\/span><span style=\"font-weight: 400;\">azem uso da preposi\u00e7\u00e3o <\/span><i><span style=\"font-weight: 400;\">em<\/span><\/i><span style=\"font-weight: 400;\"> quando utilizam o verbo<\/span><b> implicar<\/b><span style=\"font-weight: 400;\">. <\/span><span style=\"font-weight: 400;\">E por que isso ocorre? Segundo os professores e pesquisadores Mariangela Rios de Oliveira e Sebasti\u00e3o Josu\u00e9 Votre (2009), essas novas formas lingu\u00edsticas surgem das experi\u00eancias dos usu\u00e1rios com a l\u00edngua, ou seja, <\/span><span style=\"font-weight: 400;\">da forma como eles veem e interpretam o mundo<\/span><span style=\"font-weight: 400;\">, que, no caso dos verbos em quest\u00e3o, provocam a evolu\u00e7\u00e3o dessas estruturas lingu\u00edsticas.<\/span><\/p>\n<p style=\"text-align: justify;\"><span style=\"font-weight: 400;\">Para o princ\u00edpio da iconicidade, um dos fen\u00f4menos da teoria do funcionalismo norte-americano, as formas lingu\u00edsticas tendem a ser motivadas pela fun\u00e7\u00e3o sem\u00e2ntica, ou seja, do significado. Conforme Maria Luiza Braga (1996), no tocante \u00e0 reg\u00eancia verbal, existe uma press\u00e3o entre a forma lingu\u00edstica (preposi\u00e7\u00e3o) e seu conte\u00fado sem\u00e2ntico (o que significa). Dessa forma, o verbo <b>assistir<\/b>, ele estabelece uma proximidade sem\u00e2ntica com o verbo <b>ver<\/b>, transitivo direto; e, por conta disso, os falantes interpretam a reg\u00eancia do verbo <b>ver<\/b> no verbo <b>assistir<\/b>, tornando esse verbo transitivo direto. No caso do verbo<\/span><span style=\"font-weight: 400;\">\u00a0<\/span><b>implicar<\/b><span style=\"font-weight: 400;\">, preconizado como transitivo direto, passa, no uso, a indireto, devido \u00e0 aproxima\u00e7\u00e3o com os valores sem\u00e2nticos de &#8220;ter consequ\u00eancia <\/span><b>em<\/b><span style=\"font-weight: 400;\">&#8220;, &#8220;resultar <\/span><b>em<\/b><span style=\"font-weight: 400;\">&#8220;, fazendo com que os falantes reinterpretem o valor sem\u00e2ntico do verbo <\/span><b>resultar<\/b><span style=\"font-weight: 400;\"> para o verbo <\/span><b>implicar<\/b><span style=\"font-weight: 400;\">, tornando-o esse verbo transitivo indireto tamb\u00e9m, com o uso da preposi\u00e7\u00e3o.\u00a0<\/span><\/p>\n<p style=\"text-align: justify;\"><span style=\"font-weight: 400;\">Essas motiva\u00e7\u00f5es lingu\u00edsticas est\u00e3o ligadas a prop\u00f3sitos comunicativos ancorados na rela\u00e7\u00e3o entre os falantes; portanto, tanto \u201cchuvas torrenciais implicam em inunda\u00e7\u00f5es e assisto o filme\u201d como \u201cchuvas torrenciais implicam inunda\u00e7\u00f5es e assisto ao filme\u201d existem e s\u00e3o formas leg\u00edtimas de varia\u00e7\u00e3o da l\u00edngua de expressar a mesma coisa.<\/span><\/p>\n<p style=\"text-align: justify;\"><b>Refer\u00eancias<br \/>\n<\/b><span style=\"font-weight: 400;\">BECHARA, Evanildo. <\/span><b>Moderna gram\u00e1tica portuguesa<\/b><span style=\"font-weight: 400;\">. 37. ed. Rio de Janeiro: Lucerna, 2005.<br \/>\n<\/span><span style=\"font-weight: 400;\">BRAGA, Maria Luiza. Processos de redu\u00e7\u00e3o: o caso das ora\u00e7\u00f5es de ger\u00fandio. In: KOCH, I.G.V. (Org.). <\/span><b>Gram\u00e1tica do Portugu\u00eas falado. <\/b><span style=\"font-weight: 400;\">Volume VI: Desenvolvimentos. Campinas\/S\u00e3o Paulo: Editora da Unicamp\/Fapesp, p. 231-51, 1996.<br \/>\n<\/span><span style=\"font-weight: 400;\">CUNHA, Celso; CINTRA, Lindley. <\/span><b>Nova gram\u00e1tica do portugu\u00eas contempor\u00e2neo<\/b><span style=\"font-weight: 400;\">. Rio de Janeiro: Nova Fronteira, 2001.<br \/>\n<\/span><span style=\"font-weight: 400;\">OLIVEIRA, Mariangela Rios de; VOTRE, Sebasti\u00e3o Josu\u00e9. <a href=\"https:\/\/www.e-publicacoes.uerj.br\/matraga\/article\/view\/27798\">A trajet\u00f3ria das concep\u00e7\u00f5es de discurso e de gram\u00e1tica na perspectiva funcionalista<\/a>. <\/span><b>Matraga &#8211; Revista do Programa de P\u00f3s-Gradua\u00e7\u00e3o em Letras da UERJ<\/b><span style=\"font-weight: 400;\">, v. 16, n. 24, p. 97-114, 2009.<\/span><\/p>\n<p style=\"text-align: justify;\"><span style=\"font-weight: 400;\">Autor: <strong>Gabriel Zardo<\/strong>. Graduado em Licenciatura em Letras \u2013 Portugu\u00eas e Mestre no Programa de P\u00f3s-Gradua\u00e7\u00e3o em Letras da Universidade Federal de Pelotas (UFPel), na linha de Aquisi\u00e7\u00e3o, Varia\u00e7\u00e3o e Ensino.<\/span><\/p>\n","protected":false},"excerpt":{"rendered":"<p>\u201cAssisto o filme\u201d ou \u201cassisto ao filme\u201d? \u201cChuvas torrenciais implicam em inunda\u00e7\u00f5es\u201d ou \u201cchuvas torrenciais implicam inunda\u00e7\u00f5es\u201d? Voc\u00ea j\u00e1 deve ter se deparado com essas duas formas lingu\u00edsticas de expressar a mesma coisa referentes a cada verbo ou deve ter se perguntado qual delas \u00e9 a forma correta de se falar ou escrever, certo? O &hellip; <a href=\"https:\/\/wp.ufpel.edu.br\/tesouro-linguistico\/2024\/05\/15\/com-ou-sem-preposicao-a-variacao-na-regencia-dos-verbos-assistir-e-implicar\/\" class=\"more-link\">Continue lendo <span class=\"screen-reader-text\">Com ou sem preposi\u00e7\u00e3o? A varia\u00e7\u00e3o na reg\u00eancia dos verbos &#8220;assistir&#8221; e &#8220;implicar&#8221;<\/span> <span class=\"meta-nav\">&rarr;<\/span><\/a><\/p>\n","protected":false},"author":916,"featured_media":0,"comment_status":"closed","ping_status":"closed","sticky":false,"template":"","format":"standard","meta":{"jetpack_post_was_ever_published":false,"_jetpack_newsletter_access":"","_jetpack_dont_email_post_to_subs":false,"_jetpack_newsletter_tier_id":0,"_jetpack_memberships_contains_paywalled_content":false,"_jetpack_memberships_contains_paid_content":false,"footnotes":""},"categories":[11],"tags":[],"class_list":["post-950","post","type-post","status-publish","format-standard","hentry","category-variacao-linguistica"],"jetpack_featured_media_url":"","jetpack_sharing_enabled":true,"_links":{"self":[{"href":"https:\/\/wp.ufpel.edu.br\/tesouro-linguistico\/wp-json\/wp\/v2\/posts\/950","targetHints":{"allow":["GET"]}}],"collection":[{"href":"https:\/\/wp.ufpel.edu.br\/tesouro-linguistico\/wp-json\/wp\/v2\/posts"}],"about":[{"href":"https:\/\/wp.ufpel.edu.br\/tesouro-linguistico\/wp-json\/wp\/v2\/types\/post"}],"author":[{"embeddable":true,"href":"https:\/\/wp.ufpel.edu.br\/tesouro-linguistico\/wp-json\/wp\/v2\/users\/916"}],"replies":[{"embeddable":true,"href":"https:\/\/wp.ufpel.edu.br\/tesouro-linguistico\/wp-json\/wp\/v2\/comments?post=950"}],"version-history":[{"count":2,"href":"https:\/\/wp.ufpel.edu.br\/tesouro-linguistico\/wp-json\/wp\/v2\/posts\/950\/revisions"}],"predecessor-version":[{"id":954,"href":"https:\/\/wp.ufpel.edu.br\/tesouro-linguistico\/wp-json\/wp\/v2\/posts\/950\/revisions\/954"}],"wp:attachment":[{"href":"https:\/\/wp.ufpel.edu.br\/tesouro-linguistico\/wp-json\/wp\/v2\/media?parent=950"}],"wp:term":[{"taxonomy":"category","embeddable":true,"href":"https:\/\/wp.ufpel.edu.br\/tesouro-linguistico\/wp-json\/wp\/v2\/categories?post=950"},{"taxonomy":"post_tag","embeddable":true,"href":"https:\/\/wp.ufpel.edu.br\/tesouro-linguistico\/wp-json\/wp\/v2\/tags?post=950"}],"curies":[{"name":"wp","href":"https:\/\/api.w.org\/{rel}","templated":true}]}}