{"id":252,"date":"2017-11-18T13:24:13","date_gmt":"2017-11-18T15:24:13","guid":{"rendered":"https:\/\/wp.ufpel.edu.br\/terceirizados\/?p=252"},"modified":"2019-11-22T13:15:56","modified_gmt":"2019-11-22T16:15:56","slug":"comunicado-sobre-servicos-de-limpeza","status":"publish","type":"post","link":"https:\/\/wp.ufpel.edu.br\/terceirizados\/comunicado-sobre-servicos-de-limpeza\/","title":{"rendered":"Comunicado sobre servi\u00e7os de limpeza"},"content":{"rendered":"<p>A Pr\u00f3-Reitoria Administrativa da Universidade Federal de Pelotas (UFPel) vem a p\u00fablico prestar esclarecimentos quanto \u00e0 troca da empresa prestadora do servi\u00e7o de limpeza.<\/p>\n<p>Considerando o final da vig\u00eancia do atual contrato (atualmente prestado pela <strong>Click Servi\u00e7os Especializados de M\u00e3o de Obra Ltda<\/strong>) em 17\/11\/2017, foi realizada uma nova licita\u00e7\u00e3o, homologada no dia 10\/10\/2017, tendo como vencedora a empresa <strong>Sulclean Servi\u00e7os Ltda<\/strong>, com previs\u00e3o de in\u00edcio das atividades para o dia 20\/11\/2017.<\/p>\n<p>Considerando a Instru\u00e7\u00e3o Normativa n\u00ba 05\/2017 do Minist\u00e9rio do Planejamento, que disp\u00f5e sobre as regras e diretrizes do procedimento de contrata\u00e7\u00e3o de servi\u00e7os sob o regime de execu\u00e7\u00e3o indireta no \u00e2mbito da Administra\u00e7\u00e3o P\u00fablica federal direta, aut\u00e1rquica e fundacional.<\/p>\n<p>Considerando que a contrata\u00e7\u00e3o de limpeza n\u00e3o \u00e9 realizada por postos de trabalho, mas sim realizada com base na \u00e1rea a ser higienizada, foi obedecida a Instru\u00e7\u00e3o Normativa vigente quanto \u00e0s produtividades, prevendo-se \u00e1reas de banheiro, \u00e1reas hospitalares e \u00e1reas comuns.<\/p>\n<p>Considerando a contrata\u00e7\u00e3o, in\u00e9dita na UFPel, de Presta\u00e7\u00e3o de Servi\u00e7o de Limpeza COM FORNECIMENTO PELA CONTRATADA dos saneantes domissanit\u00e1rios, dos materiais de limpeza, dos equipamentos e utens\u00edlios, dos uniformes completos e Equipamentos de Prote\u00e7\u00e3o Individual (EPI) suficientes e necess\u00e1rios para a perfeita execu\u00e7\u00e3o dos servi\u00e7os de limpeza dos pr\u00e9dios e demais atividades correlatas.<\/p>\n<p>Esclarecemos que a sele\u00e7\u00e3o e contrata\u00e7\u00e3o da equipe de trabalho \u00e9 responsabilidade \u00fanica e exclusiva da empresa prestadora de servi\u00e7o, devendo esta cumprir o que prev\u00ea o edital de contrata\u00e7\u00e3o para garantir o fiel cumprimento dos servi\u00e7os contratados.<\/p>\n<p>A UFPel reconhece a relev\u00e2ncia dos servi\u00e7os prestados pelos funcion\u00e1rios terceirizados de limpeza e, na qualidade de contratante, informa que est\u00e1 adotando todas as provid\u00eancias necess\u00e1rias para que a atual empresa cumpra todas suas obriga\u00e7\u00f5es quanto aos direitos dos funcion\u00e1rios, assim como em rela\u00e7\u00e3o \u00e0 empresa que est\u00e1 assumindo a execu\u00e7\u00e3o do servi\u00e7o a partir de 20 de novembro.<\/p>\n","protected":false},"excerpt":{"rendered":"<p>Esclarecimentos quanto \u00e0 troca da empresa prestadora do servi\u00e7o de limpeza.<\/p>\n","protected":false},"author":788,"featured_media":84,"comment_status":"closed","ping_status":"closed","sticky":false,"template":"","format":"standard","meta":{"jetpack_post_was_ever_published":false,"_jetpack_newsletter_access":"","_jetpack_dont_email_post_to_subs":false,"_jetpack_newsletter_tier_id":0,"_jetpack_memberships_contains_paywalled_content":false,"_jetpack_memberships_contains_paid_content":false,"footnotes":"","jetpack_publicize_message":"","jetpack_publicize_feature_enabled":true,"jetpack_social_post_already_shared":true,"jetpack_social_options":{"image_generator_settings":{"template":"highway","default_image_id":0,"font":"","enabled":false},"version":2}},"categories":[1],"tags":[],"class_list":["post-252","post","type-post","status-publish","format-standard","has-post-thumbnail","hentry","category-noticias"],"jetpack_publicize_connections":[],"jetpack_featured_media_url":"https:\/\/i0.wp.com\/wp.ufpel.edu.br\/terceirizados\/files\/2017\/08\/Limpeza.png?fit=314%2C235&ssl=1","jetpack_sharing_enabled":true,"jetpack_shortlink":"https:\/\/wp.me\/p92luU-44","jetpack-related-posts":[{"id":497,"url":"https:\/\/wp.ufpel.edu.br\/terceirizados\/limpeza-voce-sabia\/","url_meta":{"origin":252,"position":0},"title":"Servi\u00e7o de Limpeza &#8211; Voc\u00ea Sabia?!","author":"N\u00facleo de Gest\u00e3o de Servi\u00e7os Terceirizados","date":"26\/07\/2018","format":false,"excerpt":"No Contrato n\u00ba 35\/2017 de Presta\u00e7\u00e3o de Servi\u00e7os de Limpeza na UFPel est\u00e1 previsto o fornecimento de todos materiais, produtos, equipamentos, Uniformes e EPI necess\u00e1rios para a realiza\u00e7\u00e3o da limpeza e higieniza\u00e7\u00e3o nos pr\u00e9dios da Universidade!","rel":"","context":"Em &quot;Limpeza&quot;","block_context":{"text":"Limpeza","link":"https:\/\/wp.ufpel.edu.br\/terceirizados\/category\/limpeza\/"},"img":{"alt_text":"","src":"https:\/\/i0.wp.com\/wp.ufpel.edu.br\/terceirizados\/files\/2018\/07\/Voc%C3%AA-Sabia-Limpeza.png?fit=959%2C719&ssl=1&resize=350%2C200","width":350,"height":200,"srcset":"https:\/\/i0.wp.com\/wp.ufpel.edu.br\/terceirizados\/files\/2018\/07\/Voc%C3%AA-Sabia-Limpeza.png?fit=959%2C719&ssl=1&resize=350%2C200 1x, https:\/\/i0.wp.com\/wp.ufpel.edu.br\/terceirizados\/files\/2018\/07\/Voc%C3%AA-Sabia-Limpeza.png?fit=959%2C719&ssl=1&resize=525%2C300 1.5x, https:\/\/i0.wp.com\/wp.ufpel.edu.br\/terceirizados\/files\/2018\/07\/Voc%C3%AA-Sabia-Limpeza.png?fit=959%2C719&ssl=1&resize=700%2C400 2x"},"classes":[]},{"id":889,"url":"https:\/\/wp.ufpel.edu.br\/terceirizados\/contrato-0212020-portaria\/","url_meta":{"origin":252,"position":1},"title":"Contrato n\u00ba 021\/2020 &#8211; Portaria","author":"N\u00facleo de Gest\u00e3o de Servi\u00e7os Terceirizados","date":"17\/08\/2020","format":false,"excerpt":"O novo Contrato n\u00ba 021\/2020 - Servi\u00e7o de Portaria firmado com a empresa IGUA\u00c7U se inicia em 10\/09\/2020 e o processo de admiss\u00e3o dos colaboradores \u00e9 de responsabilidade desta empresa.","rel":"","context":"Em &quot;Not\u00edcias&quot;","block_context":{"text":"Not\u00edcias","link":"https:\/\/wp.ufpel.edu.br\/terceirizados\/category\/noticias\/"},"img":{"alt_text":"","src":"https:\/\/i0.wp.com\/wp.ufpel.edu.br\/terceirizados\/files\/2020\/08\/UNIVERSIDADE-FEDERAL-DE-PELOTAS.jpg?resize=350%2C200&ssl=1","width":350,"height":200,"srcset":"https:\/\/i0.wp.com\/wp.ufpel.edu.br\/terceirizados\/files\/2020\/08\/UNIVERSIDADE-FEDERAL-DE-PELOTAS.jpg?resize=350%2C200&ssl=1 1x, https:\/\/i0.wp.com\/wp.ufpel.edu.br\/terceirizados\/files\/2020\/08\/UNIVERSIDADE-FEDERAL-DE-PELOTAS.jpg?resize=525%2C300&ssl=1 1.5x, https:\/\/i0.wp.com\/wp.ufpel.edu.br\/terceirizados\/files\/2020\/08\/UNIVERSIDADE-FEDERAL-DE-PELOTAS.jpg?resize=700%2C400&ssl=1 2x, https:\/\/i0.wp.com\/wp.ufpel.edu.br\/terceirizados\/files\/2020\/08\/UNIVERSIDADE-FEDERAL-DE-PELOTAS.jpg?resize=1050%2C600&ssl=1 3x"},"classes":[]},{"id":1042,"url":"https:\/\/wp.ufpel.edu.br\/terceirizados\/contrato-002-2021-acessibilidade-inclusao\/","url_meta":{"origin":252,"position":2},"title":"Contrato n\u00ba 002\/2021 &#8211; Acessibilidade e Inclus\u00e3o","author":"Jeremias Maas Lerm","date":"05\/03\/2021","format":false,"excerpt":"O novo Contrato n\u00ba 002\/2021 - Servi\u00e7o de Acessibilidade e Inclus\u00e3o firmado com a empresa IGUA\u00c7U se inicia em 01\/04\/2021 e o processo de admiss\u00e3o dos colaboradores \u00e9 de responsabilidade desta empresa.","rel":"","context":"Em &quot;Not\u00edcias&quot;","block_context":{"text":"Not\u00edcias","link":"https:\/\/wp.ufpel.edu.br\/terceirizados\/category\/noticias\/"},"img":{"alt_text":"","src":"https:\/\/i0.wp.com\/wp.ufpel.edu.br\/terceirizados\/files\/2020\/08\/Vitrine-SUINFRA_rev03-Acessibilidade-e-Inclus%C3%A3o.png?fit=424%2C318&ssl=1&resize=350%2C200","width":350,"height":200},"classes":[]},{"id":111,"url":"https:\/\/wp.ufpel.edu.br\/terceirizados\/ciclo-de-orientacoes-1a-conversa-com-fiscais-de-contrato-de-servicos-terceirizados\/","url_meta":{"origin":252,"position":3},"title":"Ciclo de Orienta\u00e7\u00f5es \u2013 1\u00aa Conversa com Fiscais de Contrato de Servi\u00e7os Terceirizados","author":"N\u00facleo de Gest\u00e3o de Servi\u00e7os Terceirizados","date":"26\/05\/2017","format":false,"excerpt":"Ciclo de Orienta\u00e7\u00f5es aos Fiscais de Contrato de Servi\u00e7os Terceirizados com Dedica\u00e7\u00e3o Exclusiva de M\u00e3o de Obra.","rel":"","context":"Em &quot;Not\u00edcias&quot;","block_context":{"text":"Not\u00edcias","link":"https:\/\/wp.ufpel.edu.br\/terceirizados\/category\/noticias\/"},"img":{"alt_text":"Ciclo de Orienta\u00e7\u00f5es \u2013 1\u00aa Conversa com Fiscais de Contrato de Servi\u00e7os Terceirizados","src":"https:\/\/i0.wp.com\/wp.ufpel.edu.br\/terceirizados\/files\/2017\/08\/20170526_103855.jpg?fit=643%2C482&ssl=1&resize=350%2C200","width":350,"height":200,"srcset":"https:\/\/i0.wp.com\/wp.ufpel.edu.br\/terceirizados\/files\/2017\/08\/20170526_103855.jpg?fit=643%2C482&ssl=1&resize=350%2C200 1x, https:\/\/i0.wp.com\/wp.ufpel.edu.br\/terceirizados\/files\/2017\/08\/20170526_103855.jpg?fit=643%2C482&ssl=1&resize=525%2C300 1.5x"},"classes":[]},{"id":824,"url":"https:\/\/wp.ufpel.edu.br\/terceirizados\/home-office-coronavirus-covid-19\/","url_meta":{"origin":252,"position":4},"title":"Home Office &#8211; Coronav\u00edrus (COVID-19)","author":"N\u00facleo de Gest\u00e3o de Servi\u00e7os Terceirizados","date":"23\/03\/2020","format":false,"excerpt":"Informamos que a equipe do N\u00facleo de Gest\u00e3o de Servi\u00e7os Terceirizados - NUGEST est\u00e1 trabalhando remotamente (home office).","rel":"","context":"Em &quot;Not\u00edcias&quot;","block_context":{"text":"Not\u00edcias","link":"https:\/\/wp.ufpel.edu.br\/terceirizados\/category\/noticias\/"},"img":{"alt_text":"","src":"https:\/\/i0.wp.com\/wp.ufpel.edu.br\/terceirizados\/files\/2020\/03\/sars-cov-19.jpg?fit=800%2C600&ssl=1&resize=350%2C200","width":350,"height":200,"srcset":"https:\/\/i0.wp.com\/wp.ufpel.edu.br\/terceirizados\/files\/2020\/03\/sars-cov-19.jpg?fit=800%2C600&ssl=1&resize=350%2C200 1x, https:\/\/i0.wp.com\/wp.ufpel.edu.br\/terceirizados\/files\/2020\/03\/sars-cov-19.jpg?fit=800%2C600&ssl=1&resize=525%2C300 1.5x, https:\/\/i0.wp.com\/wp.ufpel.edu.br\/terceirizados\/files\/2020\/03\/sars-cov-19.jpg?fit=800%2C600&ssl=1&resize=700%2C400 2x"},"classes":[]},{"id":413,"url":"https:\/\/wp.ufpel.edu.br\/terceirizados\/atencao-cuide-de-sua-saude\/","url_meta":{"origin":252,"position":5},"title":"ATEN\u00c7\u00c3O: CUIDE DE SUA SA\u00daDE","author":"N\u00facleo de Gest\u00e3o de Servi\u00e7os Terceirizados","date":"23\/03\/2018","format":false,"excerpt":"Mantenha o Banheiro Limpo!","rel":"","context":"Em &quot;Limpeza&quot;","block_context":{"text":"Limpeza","link":"https:\/\/wp.ufpel.edu.br\/terceirizados\/category\/limpeza\/"},"img":{"alt_text":"","src":"https:\/\/i0.wp.com\/wp.ufpel.edu.br\/terceirizados\/files\/2018\/03\/Limpeza-Orienta%C3%A7%C3%A3o-314x235.png?fit=442%2C328&ssl=1&resize=350%2C200","width":350,"height":200},"classes":[]}],"jetpack_likes_enabled":true,"_links":{"self":[{"href":"https:\/\/wp.ufpel.edu.br\/terceirizados\/wp-json\/wp\/v2\/posts\/252","targetHints":{"allow":["GET"]}}],"collection":[{"href":"https:\/\/wp.ufpel.edu.br\/terceirizados\/wp-json\/wp\/v2\/posts"}],"about":[{"href":"https:\/\/wp.ufpel.edu.br\/terceirizados\/wp-json\/wp\/v2\/types\/post"}],"author":[{"embeddable":true,"href":"https:\/\/wp.ufpel.edu.br\/terceirizados\/wp-json\/wp\/v2\/users\/788"}],"replies":[{"embeddable":true,"href":"https:\/\/wp.ufpel.edu.br\/terceirizados\/wp-json\/wp\/v2\/comments?post=252"}],"version-history":[{"count":2,"href":"https:\/\/wp.ufpel.edu.br\/terceirizados\/wp-json\/wp\/v2\/posts\/252\/revisions"}],"predecessor-version":[{"id":255,"href":"https:\/\/wp.ufpel.edu.br\/terceirizados\/wp-json\/wp\/v2\/posts\/252\/revisions\/255"}],"wp:featuredmedia":[{"embeddable":true,"href":"https:\/\/wp.ufpel.edu.br\/terceirizados\/wp-json\/wp\/v2\/media\/84"}],"wp:attachment":[{"href":"https:\/\/wp.ufpel.edu.br\/terceirizados\/wp-json\/wp\/v2\/media?parent=252"}],"wp:term":[{"taxonomy":"category","embeddable":true,"href":"https:\/\/wp.ufpel.edu.br\/terceirizados\/wp-json\/wp\/v2\/categories?post=252"},{"taxonomy":"post_tag","embeddable":true,"href":"https:\/\/wp.ufpel.edu.br\/terceirizados\/wp-json\/wp\/v2\/tags?post=252"}],"curies":[{"name":"wp","href":"https:\/\/api.w.org\/{rel}","templated":true}]}}