{"id":137,"date":"2017-08-17T17:13:28","date_gmt":"2017-08-17T20:13:28","guid":{"rendered":"https:\/\/wp.ufpel.edu.br\/terceirizados\/?p=137"},"modified":"2019-11-22T13:15:56","modified_gmt":"2019-11-22T16:15:56","slug":"curso-de-procedimentos-administrativos","status":"publish","type":"post","link":"https:\/\/wp.ufpel.edu.br\/terceirizados\/curso-de-procedimentos-administrativos\/","title":{"rendered":"CURSO DE PROCEDIMENTOS ADMINISTRATIVOS"},"content":{"rendered":"<p>O N\u00facleo de Gest\u00e3o de Servi\u00e7os Terceirizados (NUGEST) participou na manh\u00e3 desta quinta-feira (17\/08) do CURSO DE PROCEDIMENTOS ADMINISTRATIVOS para Coordenadores Administrativos, Secret\u00e1rios de Dire\u00e7\u00f5es e Assessores de Unidades Acad\u00eamicas, para apresentar o NUGEST e apresentar orienta\u00e7\u00f5es aos Servidores.<\/p>\n<p>Disponibilizamos a apresenta\u00e7\u00e3o do NUGEST neste link:\u00a0<a href=\"https:\/\/prezi.com\/p\/cxaqaxafejgy\/\">https:\/\/prezi.com\/p\/cxaqaxafejgy\/<\/a><\/p>\n<p class=\"jetpack-slideshow-noscript robots-nocontent\">Este slideshow necessita de JavaScript.<\/p><div id=\"gallery-137-1-slideshow\" class=\"jetpack-slideshow-window jetpack-slideshow jetpack-slideshow-black\" data-trans=\"fade\" data-autostart=\"1\" data-gallery=\"[{&quot;src&quot;:&quot;https:\\\/\\\/i0.wp.com\\\/wp.ufpel.edu.br\\\/terceirizados\\\/files\\\/2017\\\/08\\\/2017-08-17.jpg?fit=2484%2C1863\\u0026ssl=1&quot;,&quot;id&quot;:&quot;139&quot;,&quot;title&quot;:&quot;2017-08-17&quot;,&quot;alt&quot;:&quot;&quot;,&quot;caption&quot;:&quot;&quot;,&quot;itemprop&quot;:&quot;image&quot;},{&quot;src&quot;:&quot;https:\\\/\\\/i0.wp.com\\\/wp.ufpel.edu.br\\\/terceirizados\\\/files\\\/2017\\\/08\\\/Captura-de-tela-2017-08-17-17.16.16.png?fit=1471%2C827\\u0026ssl=1&quot;,&quot;id&quot;:&quot;143&quot;,&quot;title&quot;:&quot;Captura de tela 2017-08-17 17.16.16&quot;,&quot;alt&quot;:&quot;&quot;,&quot;caption&quot;:&quot;&quot;,&quot;itemprop&quot;:&quot;image&quot;},{&quot;src&quot;:&quot;https:\\\/\\\/i0.wp.com\\\/wp.ufpel.edu.br\\\/terceirizados\\\/files\\\/2017\\\/08\\\/Captura-de-tela-2017-08-17-17.00.16.png?fit=1198%2C898\\u0026ssl=1&quot;,&quot;id&quot;:&quot;140&quot;,&quot;title&quot;:&quot;&quot;,&quot;alt&quot;:&quot;&quot;,&quot;caption&quot;:&quot;&quot;,&quot;itemprop&quot;:&quot;image&quot;}]\" itemscope itemtype=\"https:\/\/schema.org\/ImageGallery\"><\/div>\n","protected":false},"excerpt":{"rendered":"<p>O N\u00facleo de Gest\u00e3o de Servi\u00e7os Terceirizados participou na manh\u00e3 (17\/08) do CURSO DE PROCEDIMENTOS ADMINISTRATIVOS<\/p>\n","protected":false},"author":788,"featured_media":140,"comment_status":"closed","ping_status":"closed","sticky":false,"template":"","format":"standard","meta":{"jetpack_post_was_ever_published":false,"_jetpack_newsletter_access":"","_jetpack_dont_email_post_to_subs":false,"_jetpack_newsletter_tier_id":0,"_jetpack_memberships_contains_paywalled_content":false,"_jetpack_memberships_contains_paid_content":false,"footnotes":"","jetpack_publicize_message":"","jetpack_publicize_feature_enabled":true,"jetpack_social_post_already_shared":true,"jetpack_social_options":{"image_generator_settings":{"template":"highway","default_image_id":0,"font":"","enabled":false},"version":2}},"categories":[1],"tags":[],"class_list":["post-137","post","type-post","status-publish","format-standard","has-post-thumbnail","hentry","category-noticias"],"jetpack_publicize_connections":[],"jetpack_featured_media_url":"https:\/\/i0.wp.com\/wp.ufpel.edu.br\/terceirizados\/files\/2017\/08\/Captura-de-tela-2017-08-17-17.00.16.png?fit=1198%2C898&ssl=1","jetpack_sharing_enabled":true,"jetpack_shortlink":"https:\/\/wp.me\/p92luU-2d","jetpack-related-posts":[{"id":702,"url":"https:\/\/wp.ufpel.edu.br\/terceirizados\/ciclo-de-orientacoes-2019-1\/","url_meta":{"origin":137,"position":0},"title":"Ciclo de Orienta\u00e7\u00f5es \u2013 Conversa com Fiscais de Contrato de Servi\u00e7os Terceirizados","author":"N\u00facleo de Gest\u00e3o de Servi\u00e7os Terceirizados","date":"21\/08\/2019","format":false,"excerpt":"Ciclo de Orienta\u00e7\u00f5es aos Fiscais de Contrato de Servi\u00e7os Terceirizados com Dedica\u00e7\u00e3o Exclusiva de M\u00e3o de Obra.","rel":"","context":"Em &quot;Not\u00edcias&quot;","block_context":{"text":"Not\u00edcias","link":"https:\/\/wp.ufpel.edu.br\/terceirizados\/category\/noticias\/"},"img":{"alt_text":"","src":"https:\/\/i0.wp.com\/wp.ufpel.edu.br\/terceirizados\/files\/2019\/08\/2.jpg?fit=1200%2C900&ssl=1&resize=350%2C200","width":350,"height":200,"srcset":"https:\/\/i0.wp.com\/wp.ufpel.edu.br\/terceirizados\/files\/2019\/08\/2.jpg?fit=1200%2C900&ssl=1&resize=350%2C200 1x, https:\/\/i0.wp.com\/wp.ufpel.edu.br\/terceirizados\/files\/2019\/08\/2.jpg?fit=1200%2C900&ssl=1&resize=525%2C300 1.5x, https:\/\/i0.wp.com\/wp.ufpel.edu.br\/terceirizados\/files\/2019\/08\/2.jpg?fit=1200%2C900&ssl=1&resize=700%2C400 2x, https:\/\/i0.wp.com\/wp.ufpel.edu.br\/terceirizados\/files\/2019\/08\/2.jpg?fit=1200%2C900&ssl=1&resize=1050%2C600 3x"},"classes":[]},{"id":111,"url":"https:\/\/wp.ufpel.edu.br\/terceirizados\/ciclo-de-orientacoes-1a-conversa-com-fiscais-de-contrato-de-servicos-terceirizados\/","url_meta":{"origin":137,"position":1},"title":"Ciclo de Orienta\u00e7\u00f5es \u2013 1\u00aa Conversa com Fiscais de Contrato de Servi\u00e7os Terceirizados","author":"N\u00facleo de Gest\u00e3o de Servi\u00e7os Terceirizados","date":"26\/05\/2017","format":false,"excerpt":"Ciclo de Orienta\u00e7\u00f5es aos Fiscais de Contrato de Servi\u00e7os Terceirizados com Dedica\u00e7\u00e3o Exclusiva de M\u00e3o de Obra.","rel":"","context":"Em &quot;Not\u00edcias&quot;","block_context":{"text":"Not\u00edcias","link":"https:\/\/wp.ufpel.edu.br\/terceirizados\/category\/noticias\/"},"img":{"alt_text":"Ciclo de Orienta\u00e7\u00f5es \u2013 1\u00aa Conversa com Fiscais de Contrato de Servi\u00e7os Terceirizados","src":"https:\/\/i0.wp.com\/wp.ufpel.edu.br\/terceirizados\/files\/2017\/08\/20170526_103855.jpg?fit=643%2C482&ssl=1&resize=350%2C200","width":350,"height":200,"srcset":"https:\/\/i0.wp.com\/wp.ufpel.edu.br\/terceirizados\/files\/2017\/08\/20170526_103855.jpg?fit=643%2C482&ssl=1&resize=350%2C200 1x, https:\/\/i0.wp.com\/wp.ufpel.edu.br\/terceirizados\/files\/2017\/08\/20170526_103855.jpg?fit=643%2C482&ssl=1&resize=525%2C300 1.5x"},"classes":[]},{"id":824,"url":"https:\/\/wp.ufpel.edu.br\/terceirizados\/home-office-coronavirus-covid-19\/","url_meta":{"origin":137,"position":2},"title":"Home Office &#8211; Coronav\u00edrus (COVID-19)","author":"N\u00facleo de Gest\u00e3o de Servi\u00e7os Terceirizados","date":"23\/03\/2020","format":false,"excerpt":"Informamos que a equipe do N\u00facleo de Gest\u00e3o de Servi\u00e7os Terceirizados - NUGEST est\u00e1 trabalhando remotamente (home office).","rel":"","context":"Em &quot;Not\u00edcias&quot;","block_context":{"text":"Not\u00edcias","link":"https:\/\/wp.ufpel.edu.br\/terceirizados\/category\/noticias\/"},"img":{"alt_text":"","src":"https:\/\/i0.wp.com\/wp.ufpel.edu.br\/terceirizados\/files\/2020\/03\/sars-cov-19.jpg?fit=800%2C600&ssl=1&resize=350%2C200","width":350,"height":200,"srcset":"https:\/\/i0.wp.com\/wp.ufpel.edu.br\/terceirizados\/files\/2020\/03\/sars-cov-19.jpg?fit=800%2C600&ssl=1&resize=350%2C200 1x, https:\/\/i0.wp.com\/wp.ufpel.edu.br\/terceirizados\/files\/2020\/03\/sars-cov-19.jpg?fit=800%2C600&ssl=1&resize=525%2C300 1.5x, https:\/\/i0.wp.com\/wp.ufpel.edu.br\/terceirizados\/files\/2020\/03\/sars-cov-19.jpg?fit=800%2C600&ssl=1&resize=700%2C400 2x"},"classes":[]},{"id":104,"url":"https:\/\/wp.ufpel.edu.br\/terceirizados\/fale-sobre-servicos-terceirizados\/","url_meta":{"origin":137,"position":3},"title":"Fale sobre Servi\u00e7os Terceirizados","author":"N\u00facleo de Gest\u00e3o de Servi\u00e7os Terceirizados","date":"13\/04\/2017","format":false,"excerpt":"Ferramenta para Den\u00fancias, Reclama\u00e7\u00f5es, Fiscaliza\u00e7\u00e3o, Solicita\u00e7\u00f5es, Informa\u00e7\u00f5es, Sugest\u00f5es e Elogios.","rel":"","context":"Em &quot;Not\u00edcias&quot;","block_context":{"text":"Not\u00edcias","link":"https:\/\/wp.ufpel.edu.br\/terceirizados\/category\/noticias\/"},"img":{"alt_text":"","src":"https:\/\/i0.wp.com\/wp.ufpel.edu.br\/terceirizados\/files\/2017\/04\/NUGEST.png?fit=314%2C235&ssl=1&resize=350%2C200","width":350,"height":200},"classes":[]},{"id":497,"url":"https:\/\/wp.ufpel.edu.br\/terceirizados\/limpeza-voce-sabia\/","url_meta":{"origin":137,"position":4},"title":"Servi\u00e7o de Limpeza &#8211; Voc\u00ea Sabia?!","author":"N\u00facleo de Gest\u00e3o de Servi\u00e7os Terceirizados","date":"26\/07\/2018","format":false,"excerpt":"No Contrato n\u00ba 35\/2017 de Presta\u00e7\u00e3o de Servi\u00e7os de Limpeza na UFPel est\u00e1 previsto o fornecimento de todos materiais, produtos, equipamentos, Uniformes e EPI necess\u00e1rios para a realiza\u00e7\u00e3o da limpeza e higieniza\u00e7\u00e3o nos pr\u00e9dios da Universidade!","rel":"","context":"Em &quot;Limpeza&quot;","block_context":{"text":"Limpeza","link":"https:\/\/wp.ufpel.edu.br\/terceirizados\/category\/limpeza\/"},"img":{"alt_text":"","src":"https:\/\/i0.wp.com\/wp.ufpel.edu.br\/terceirizados\/files\/2018\/07\/Voc%C3%AA-Sabia-Limpeza.png?fit=959%2C719&ssl=1&resize=350%2C200","width":350,"height":200,"srcset":"https:\/\/i0.wp.com\/wp.ufpel.edu.br\/terceirizados\/files\/2018\/07\/Voc%C3%AA-Sabia-Limpeza.png?fit=959%2C719&ssl=1&resize=350%2C200 1x, https:\/\/i0.wp.com\/wp.ufpel.edu.br\/terceirizados\/files\/2018\/07\/Voc%C3%AA-Sabia-Limpeza.png?fit=959%2C719&ssl=1&resize=525%2C300 1.5x, https:\/\/i0.wp.com\/wp.ufpel.edu.br\/terceirizados\/files\/2018\/07\/Voc%C3%AA-Sabia-Limpeza.png?fit=959%2C719&ssl=1&resize=700%2C400 2x"},"classes":[]},{"id":1,"url":"https:\/\/wp.ufpel.edu.br\/terceirizados\/liberacao-dos-servicos-terceirizados\/","url_meta":{"origin":137,"position":5},"title":"SUINFRA disponibiliza orienta\u00e7\u00f5es sobre libera\u00e7\u00e3o dos servi\u00e7os terceirizados","author":"N\u00facleo de Gest\u00e3o de Servi\u00e7os Terceirizados","date":"11\/04\/2017","format":false,"excerpt":"A Pr\u00f3-Reitoria de Infraestrutura est\u00e1 disponibilizando o Memorando Circular 001\/2017 informando sobre a libera\u00e7\u00e3o dos servi\u00e7os terceirizados.","rel":"","context":"Em &quot;Not\u00edcias&quot;","block_context":{"text":"Not\u00edcias","link":"https:\/\/wp.ufpel.edu.br\/terceirizados\/category\/noticias\/"},"img":{"alt_text":"","src":"https:\/\/i0.wp.com\/wp.ufpel.edu.br\/terceirizados\/files\/2017\/08\/Vitrine-SUINFRA_rev01-07-NUGEST.png?fit=424%2C318&ssl=1&resize=350%2C200","width":350,"height":200},"classes":[]}],"jetpack_likes_enabled":true,"_links":{"self":[{"href":"https:\/\/wp.ufpel.edu.br\/terceirizados\/wp-json\/wp\/v2\/posts\/137","targetHints":{"allow":["GET"]}}],"collection":[{"href":"https:\/\/wp.ufpel.edu.br\/terceirizados\/wp-json\/wp\/v2\/posts"}],"about":[{"href":"https:\/\/wp.ufpel.edu.br\/terceirizados\/wp-json\/wp\/v2\/types\/post"}],"author":[{"embeddable":true,"href":"https:\/\/wp.ufpel.edu.br\/terceirizados\/wp-json\/wp\/v2\/users\/788"}],"replies":[{"embeddable":true,"href":"https:\/\/wp.ufpel.edu.br\/terceirizados\/wp-json\/wp\/v2\/comments?post=137"}],"version-history":[{"count":5,"href":"https:\/\/wp.ufpel.edu.br\/terceirizados\/wp-json\/wp\/v2\/posts\/137\/revisions"}],"predecessor-version":[{"id":146,"href":"https:\/\/wp.ufpel.edu.br\/terceirizados\/wp-json\/wp\/v2\/posts\/137\/revisions\/146"}],"wp:featuredmedia":[{"embeddable":true,"href":"https:\/\/wp.ufpel.edu.br\/terceirizados\/wp-json\/wp\/v2\/media\/140"}],"wp:attachment":[{"href":"https:\/\/wp.ufpel.edu.br\/terceirizados\/wp-json\/wp\/v2\/media?parent=137"}],"wp:term":[{"taxonomy":"category","embeddable":true,"href":"https:\/\/wp.ufpel.edu.br\/terceirizados\/wp-json\/wp\/v2\/categories?post=137"},{"taxonomy":"post_tag","embeddable":true,"href":"https:\/\/wp.ufpel.edu.br\/terceirizados\/wp-json\/wp\/v2\/tags?post=137"}],"curies":[{"name":"wp","href":"https:\/\/api.w.org\/{rel}","templated":true}]}}