{"id":974,"date":"2022-09-01T23:22:40","date_gmt":"2022-09-02T02:22:40","guid":{"rendered":"https:\/\/wp.ufpel.edu.br\/terapiaocupacional\/?p=974"},"modified":"2023-07-06T15:17:23","modified_gmt":"2023-07-06T18:17:23","slug":"programacao-agosto-negro-em-pelotas","status":"publish","type":"post","link":"https:\/\/wp.ufpel.edu.br\/terapiaocupacional\/2022\/09\/01\/programacao-agosto-negro-em-pelotas\/","title":{"rendered":"Programa\u00e7\u00e3o Agosto Negro em Pelotas"},"content":{"rendered":"<h3><strong>Programa\u00e7\u00e3o Agosto Negro!<\/strong><\/h3>\n<p><a href=\"https:\/\/wp.ufpel.edu.br\/terapiaocupacional\/files\/2022\/09\/Agosto-negro-I.jpeg\"><img class=\"alignnone size-medium wp-image-975\" src=\"https:\/\/wp.ufpel.edu.br\/terapiaocupacional\/files\/2022\/09\/Agosto-negro-I-400x282.jpeg\" alt=\"\" width=\"400\" height=\"282\" srcset=\"https:\/\/wp.ufpel.edu.br\/terapiaocupacional\/files\/2022\/09\/Agosto-negro-I-400x282.jpeg 400w, https:\/\/wp.ufpel.edu.br\/terapiaocupacional\/files\/2022\/09\/Agosto-negro-I.jpeg 720w\" sizes=\"(max-width: 400px) 100vw, 400px\" \/><\/a><\/p>\n<p><a href=\"https:\/\/wp.ufpel.edu.br\/terapiaocupacional\/files\/2022\/09\/Agosto-negro-II.jpeg\"><img class=\"alignnone size-medium wp-image-976\" src=\"https:\/\/wp.ufpel.edu.br\/terapiaocupacional\/files\/2022\/09\/Agosto-negro-II-400x276.jpeg\" alt=\"\" width=\"400\" height=\"276\" srcset=\"https:\/\/wp.ufpel.edu.br\/terapiaocupacional\/files\/2022\/09\/Agosto-negro-II-400x276.jpeg 400w, https:\/\/wp.ufpel.edu.br\/terapiaocupacional\/files\/2022\/09\/Agosto-negro-II.jpeg 720w\" sizes=\"(max-width: 400px) 100vw, 400px\" \/><\/a><\/p>\n<p><a href=\"https:\/\/wp.ufpel.edu.br\/terapiaocupacional\/files\/2022\/09\/Agosto-negro-III.jpeg\"><img class=\"alignnone size-medium wp-image-977\" src=\"https:\/\/wp.ufpel.edu.br\/terapiaocupacional\/files\/2022\/09\/Agosto-negro-III-225x400.jpeg\" alt=\"\" width=\"225\" height=\"400\" srcset=\"https:\/\/wp.ufpel.edu.br\/terapiaocupacional\/files\/2022\/09\/Agosto-negro-III-225x400.jpeg 225w, https:\/\/wp.ufpel.edu.br\/terapiaocupacional\/files\/2022\/09\/Agosto-negro-III.jpeg 540w\" sizes=\"(max-width: 225px) 100vw, 225px\" \/><\/a> <a href=\"https:\/\/wp.ufpel.edu.br\/terapiaocupacional\/files\/2022\/09\/Agosto-negro-IV.jpeg\"><img class=\"alignnone size-medium wp-image-978\" src=\"https:\/\/wp.ufpel.edu.br\/terapiaocupacional\/files\/2022\/09\/Agosto-negro-IV-225x400.jpeg\" alt=\"\" width=\"225\" height=\"400\" srcset=\"https:\/\/wp.ufpel.edu.br\/terapiaocupacional\/files\/2022\/09\/Agosto-negro-IV-225x400.jpeg 225w, https:\/\/wp.ufpel.edu.br\/terapiaocupacional\/files\/2022\/09\/Agosto-negro-IV-576x1024.jpeg 576w, https:\/\/wp.ufpel.edu.br\/terapiaocupacional\/files\/2022\/09\/Agosto-negro-IV.jpeg 720w\" sizes=\"(max-width: 225px) 100vw, 225px\" \/><\/a><\/p>\n","protected":false},"excerpt":{"rendered":"<p>Programa\u00e7\u00e3o Agosto Negro!<\/p>\n","protected":false},"author":189,"featured_media":0,"comment_status":"closed","ping_status":"closed","sticky":false,"template":"","format":"standard","meta":{"footnotes":""},"categories":[28832],"tags":[],"class_list":["post-974","post","type-post","status-publish","format-standard","hentry","category-informacoes"],"jetpack_featured_media_url":"","_links":{"self":[{"href":"https:\/\/wp.ufpel.edu.br\/terapiaocupacional\/wp-json\/wp\/v2\/posts\/974","targetHints":{"allow":["GET"]}}],"collection":[{"href":"https:\/\/wp.ufpel.edu.br\/terapiaocupacional\/wp-json\/wp\/v2\/posts"}],"about":[{"href":"https:\/\/wp.ufpel.edu.br\/terapiaocupacional\/wp-json\/wp\/v2\/types\/post"}],"author":[{"embeddable":true,"href":"https:\/\/wp.ufpel.edu.br\/terapiaocupacional\/wp-json\/wp\/v2\/users\/189"}],"replies":[{"embeddable":true,"href":"https:\/\/wp.ufpel.edu.br\/terapiaocupacional\/wp-json\/wp\/v2\/comments?post=974"}],"version-history":[{"count":2,"href":"https:\/\/wp.ufpel.edu.br\/terapiaocupacional\/wp-json\/wp\/v2\/posts\/974\/revisions"}],"predecessor-version":[{"id":1420,"href":"https:\/\/wp.ufpel.edu.br\/terapiaocupacional\/wp-json\/wp\/v2\/posts\/974\/revisions\/1420"}],"wp:attachment":[{"href":"https:\/\/wp.ufpel.edu.br\/terapiaocupacional\/wp-json\/wp\/v2\/media?parent=974"}],"wp:term":[{"taxonomy":"category","embeddable":true,"href":"https:\/\/wp.ufpel.edu.br\/terapiaocupacional\/wp-json\/wp\/v2\/categories?post=974"},{"taxonomy":"post_tag","embeddable":true,"href":"https:\/\/wp.ufpel.edu.br\/terapiaocupacional\/wp-json\/wp\/v2\/tags?post=974"}],"curies":[{"name":"wp","href":"https:\/\/api.w.org\/{rel}","templated":true}]}}