{"id":781,"date":"2022-04-25T16:16:21","date_gmt":"2022-04-25T19:16:21","guid":{"rendered":"https:\/\/wp.ufpel.edu.br\/terapiaocupacional\/?p=781"},"modified":"2022-04-25T16:16:21","modified_gmt":"2022-04-25T19:16:21","slug":"selecao-de-bolsista-para-o-pro-geronto","status":"publish","type":"post","link":"https:\/\/wp.ufpel.edu.br\/terapiaocupacional\/2022\/04\/25\/selecao-de-bolsista-para-o-pro-geronto\/","title":{"rendered":"Sele\u00e7\u00e3o de bolsista para o PRO-GERONTO"},"content":{"rendered":"<p>O Curso de Terapia Ocupacional torna p\u00fablica a sele\u00e7\u00e3o de alunos para preenchimento de 01 vaga para bolsista, no \u00e2mbito do Programa de Bolsas Acad\u00eamicas\/2022, na modalidade Inicia\u00e7\u00e3o \u00e0 Extens\u00e3o e Cultura, submodalidade<br \/>\nExtens\u00e3o\/PREC, nos termos do Edital 02\/2022 \u2013 PREC, conforme as disposi\u00e7\u00f5es contidas no documento <a href=\"https:\/\/wp.ufpel.edu.br\/terapiaocupacional\/files\/2022\/04\/SELECAO-BOLSISTA-PROGERONTO-2022.pdf\" target=\"_blank\" rel=\"noopener\">ANEXO<\/a><\/p>\n","protected":false},"excerpt":{"rendered":"<p>O Curso de Terapia Ocupacional torna p\u00fablica a sele\u00e7\u00e3o de alunos para preenchimento de 01 vaga para bolsista, no \u00e2mbito do Programa de Bolsas Acad\u00eamicas\/2022, na modalidade Inicia\u00e7\u00e3o \u00e0 Extens\u00e3o e Cultura, submodalidade Extens\u00e3o\/PREC, nos termos do Edital 02\/2022 \u2013 PREC, conforme as disposi\u00e7\u00f5es contidas no documento ANEXO<\/p>\n","protected":false},"author":189,"featured_media":0,"comment_status":"closed","ping_status":"closed","sticky":false,"template":"","format":"standard","meta":{"footnotes":""},"categories":[28832],"tags":[],"class_list":["post-781","post","type-post","status-publish","format-standard","hentry","category-informacoes"],"jetpack_featured_media_url":"","_links":{"self":[{"href":"https:\/\/wp.ufpel.edu.br\/terapiaocupacional\/wp-json\/wp\/v2\/posts\/781","targetHints":{"allow":["GET"]}}],"collection":[{"href":"https:\/\/wp.ufpel.edu.br\/terapiaocupacional\/wp-json\/wp\/v2\/posts"}],"about":[{"href":"https:\/\/wp.ufpel.edu.br\/terapiaocupacional\/wp-json\/wp\/v2\/types\/post"}],"author":[{"embeddable":true,"href":"https:\/\/wp.ufpel.edu.br\/terapiaocupacional\/wp-json\/wp\/v2\/users\/189"}],"replies":[{"embeddable":true,"href":"https:\/\/wp.ufpel.edu.br\/terapiaocupacional\/wp-json\/wp\/v2\/comments?post=781"}],"version-history":[{"count":2,"href":"https:\/\/wp.ufpel.edu.br\/terapiaocupacional\/wp-json\/wp\/v2\/posts\/781\/revisions"}],"predecessor-version":[{"id":785,"href":"https:\/\/wp.ufpel.edu.br\/terapiaocupacional\/wp-json\/wp\/v2\/posts\/781\/revisions\/785"}],"wp:attachment":[{"href":"https:\/\/wp.ufpel.edu.br\/terapiaocupacional\/wp-json\/wp\/v2\/media?parent=781"}],"wp:term":[{"taxonomy":"category","embeddable":true,"href":"https:\/\/wp.ufpel.edu.br\/terapiaocupacional\/wp-json\/wp\/v2\/categories?post=781"},{"taxonomy":"post_tag","embeddable":true,"href":"https:\/\/wp.ufpel.edu.br\/terapiaocupacional\/wp-json\/wp\/v2\/tags?post=781"}],"curies":[{"name":"wp","href":"https:\/\/api.w.org\/{rel}","templated":true}]}}