{"id":755,"date":"2022-02-14T10:33:24","date_gmt":"2022-02-14T13:33:24","guid":{"rendered":"https:\/\/wp.ufpel.edu.br\/terapiaocupacional\/?p=755"},"modified":"2022-02-14T10:33:24","modified_gmt":"2022-02-14T13:33:24","slug":"divulgacao-eleicao-coordenacao-do-curso-de-terapia-ocupacional","status":"publish","type":"post","link":"https:\/\/wp.ufpel.edu.br\/terapiaocupacional\/2022\/02\/14\/divulgacao-eleicao-coordenacao-do-curso-de-terapia-ocupacional\/","title":{"rendered":"Divulga\u00e7\u00e3o Elei\u00e7\u00e3o Coordena\u00e7\u00e3o do curso de Terapia Ocupacional"},"content":{"rendered":"<p>Prezados,<\/p>\n<p>vimos atrav\u00e9s deste compartilhar a <a href=\"https:\/\/wp.ufpel.edu.br\/terapiaocupacional\/2022\/02\/14\/divulgacao-eleicao-coordenacao-do-curso-de-terapia-ocupacional\/sei_ufpel-1586943-despacho\/\" target=\"_blank\" rel=\"attachment noopener wp-att-757\">Rela\u00e7\u00e3o de votos<\/a>\u00a0da elei\u00e7\u00e3o para Coordena\u00e7\u00e3o do curso de Terapia Ocupacional.<\/p>\n<p>A chapa Uni\u00e3o, composta pelas professoras Camilla Oleiro da Costa Milczarski e Ellen Cristina Ricci para coordena\u00e7\u00e3o e coordena\u00e7\u00e3o adjunta, respectivamente, foi eleita.<\/p>\n<p>&nbsp;<\/p>\n<p>&nbsp;<\/p>\n","protected":false},"excerpt":{"rendered":"<p>Prezados, vimos atrav\u00e9s deste compartilhar a Rela\u00e7\u00e3o de votos\u00a0da elei\u00e7\u00e3o para Coordena\u00e7\u00e3o do curso de Terapia Ocupacional. A chapa Uni\u00e3o, composta pelas professoras Camilla Oleiro da Costa Milczarski e Ellen Cristina Ricci para coordena\u00e7\u00e3o e coordena\u00e7\u00e3o adjunta, respectivamente, foi eleita. &nbsp; &nbsp;<\/p>\n","protected":false},"author":189,"featured_media":0,"comment_status":"closed","ping_status":"closed","sticky":false,"template":"","format":"standard","meta":{"footnotes":""},"categories":[18],"tags":[],"class_list":["post-755","post","type-post","status-publish","format-standard","hentry","category-sem-categoria"],"jetpack_featured_media_url":"","_links":{"self":[{"href":"https:\/\/wp.ufpel.edu.br\/terapiaocupacional\/wp-json\/wp\/v2\/posts\/755","targetHints":{"allow":["GET"]}}],"collection":[{"href":"https:\/\/wp.ufpel.edu.br\/terapiaocupacional\/wp-json\/wp\/v2\/posts"}],"about":[{"href":"https:\/\/wp.ufpel.edu.br\/terapiaocupacional\/wp-json\/wp\/v2\/types\/post"}],"author":[{"embeddable":true,"href":"https:\/\/wp.ufpel.edu.br\/terapiaocupacional\/wp-json\/wp\/v2\/users\/189"}],"replies":[{"embeddable":true,"href":"https:\/\/wp.ufpel.edu.br\/terapiaocupacional\/wp-json\/wp\/v2\/comments?post=755"}],"version-history":[{"count":3,"href":"https:\/\/wp.ufpel.edu.br\/terapiaocupacional\/wp-json\/wp\/v2\/posts\/755\/revisions"}],"predecessor-version":[{"id":760,"href":"https:\/\/wp.ufpel.edu.br\/terapiaocupacional\/wp-json\/wp\/v2\/posts\/755\/revisions\/760"}],"wp:attachment":[{"href":"https:\/\/wp.ufpel.edu.br\/terapiaocupacional\/wp-json\/wp\/v2\/media?parent=755"}],"wp:term":[{"taxonomy":"category","embeddable":true,"href":"https:\/\/wp.ufpel.edu.br\/terapiaocupacional\/wp-json\/wp\/v2\/categories?post=755"},{"taxonomy":"post_tag","embeddable":true,"href":"https:\/\/wp.ufpel.edu.br\/terapiaocupacional\/wp-json\/wp\/v2\/tags?post=755"}],"curies":[{"name":"wp","href":"https:\/\/api.w.org\/{rel}","templated":true}]}}