{"id":558,"date":"2015-04-27T18:01:26","date_gmt":"2015-04-27T21:01:26","guid":{"rendered":"https:\/\/wp.ufpel.edu.br\/terapiaocupacional\/?p=558"},"modified":"2015-05-05T17:58:03","modified_gmt":"2015-05-05T20:58:03","slug":"criterios-reopcaotransferencia-20152","status":"publish","type":"post","link":"https:\/\/wp.ufpel.edu.br\/terapiaocupacional\/2015\/04\/27\/criterios-reopcaotransferencia-20152\/","title":{"rendered":"Crit\u00e9rios Reop\u00e7\u00e3o\/Transfer\u00eancia 2015\/2"},"content":{"rendered":"<p><a href=\"https:\/\/wp.ufpel.edu.br\/terapiaocupacional\/files\/2015\/05\/RETIFICA\u00c7\u00c3O-Crit\u00e9rios-Reop\u00e7\u00e3o-e-Transfer\u00eancia-2015.2-Terapia-Ocupacional.pdf\">RETIFICA\u00c7\u00c3O &#8211; Crit\u00e9rios Reop\u00e7\u00e3o e Transfer\u00eancia 2015.2 Terapia Ocupacional<\/a><\/p>\n","protected":false},"excerpt":{"rendered":"<p>RETIFICA\u00c7\u00c3O &#8211; Crit\u00e9rios Reop\u00e7\u00e3o e Transfer\u00eancia 2015.2 Terapia Ocupacional<\/p>\n","protected":false},"author":189,"featured_media":0,"comment_status":"closed","ping_status":"closed","sticky":false,"template":"","format":"standard","meta":{"footnotes":""},"categories":[18],"tags":[],"class_list":["post-558","post","type-post","status-publish","format-standard","hentry","category-sem-categoria"],"jetpack_featured_media_url":"","_links":{"self":[{"href":"https:\/\/wp.ufpel.edu.br\/terapiaocupacional\/wp-json\/wp\/v2\/posts\/558","targetHints":{"allow":["GET"]}}],"collection":[{"href":"https:\/\/wp.ufpel.edu.br\/terapiaocupacional\/wp-json\/wp\/v2\/posts"}],"about":[{"href":"https:\/\/wp.ufpel.edu.br\/terapiaocupacional\/wp-json\/wp\/v2\/types\/post"}],"author":[{"embeddable":true,"href":"https:\/\/wp.ufpel.edu.br\/terapiaocupacional\/wp-json\/wp\/v2\/users\/189"}],"replies":[{"embeddable":true,"href":"https:\/\/wp.ufpel.edu.br\/terapiaocupacional\/wp-json\/wp\/v2\/comments?post=558"}],"version-history":[{"count":2,"href":"https:\/\/wp.ufpel.edu.br\/terapiaocupacional\/wp-json\/wp\/v2\/posts\/558\/revisions"}],"predecessor-version":[{"id":573,"href":"https:\/\/wp.ufpel.edu.br\/terapiaocupacional\/wp-json\/wp\/v2\/posts\/558\/revisions\/573"}],"wp:attachment":[{"href":"https:\/\/wp.ufpel.edu.br\/terapiaocupacional\/wp-json\/wp\/v2\/media?parent=558"}],"wp:term":[{"taxonomy":"category","embeddable":true,"href":"https:\/\/wp.ufpel.edu.br\/terapiaocupacional\/wp-json\/wp\/v2\/categories?post=558"},{"taxonomy":"post_tag","embeddable":true,"href":"https:\/\/wp.ufpel.edu.br\/terapiaocupacional\/wp-json\/wp\/v2\/tags?post=558"}],"curies":[{"name":"wp","href":"https:\/\/api.w.org\/{rel}","templated":true}]}}