{"id":547,"date":"2015-02-26T08:36:26","date_gmt":"2015-02-26T11:36:26","guid":{"rendered":"https:\/\/wp.ufpel.edu.br\/terapiaocupacional\/?p=547"},"modified":"2015-02-26T08:36:26","modified_gmt":"2015-02-26T11:36:26","slug":"biblioteca-medicina","status":"publish","type":"post","link":"https:\/\/wp.ufpel.edu.br\/terapiaocupacional\/2015\/02\/26\/biblioteca-medicina\/","title":{"rendered":"Biblioteca Medicina"},"content":{"rendered":"<div>NOT\u00cdCIA DA BIBLIOTECA:<\/div>\n<div>&#8220;A partir de segunda feira estaremos iniciando o primeiro semestre de 2015 e j\u00e1 estamos com alguns problemas a enfrentar, alguns oriundos das determina\u00e7\u00f5es do final do ano passado:<\/div>\n<div>a) falta de funcion\u00e1rios em virtude da demiss\u00e3o dos funcion\u00e1rios da FAU;<\/div>\n<div>b) funcion\u00e1ria em licen\u00e7a maternidade;<\/div>\n<div>Em consequ\u00eancia estamos com uma redu\u00e7\u00e3o de 50% em nosso quadro de pessoal;<\/div>\n<div><\/div>\n<div>c) poucos recursos para aquisi\u00e7\u00e3o de novas bibliografias b\u00e1sicas e complementares.<\/div>\n<div><\/div>\n<div>Informamos que, ap\u00f3s estudo aprofundado de nossas necessidades urgentes e priorit\u00e1rias, nosso hor\u00e1rio de atendimento para este primeiro semestre, diga-se a muito custo e se nos mantiverem o n\u00famero atual de bolsistas, ser\u00e1:<\/div>\n<div><\/div>\n<div>\u00a0 \u00a0 \u00a0 \u00a0 \u00a0 \u00a0 \u00a0 \u00a0 \u00a0 \u00a0 \u00a0 \u00a0 \u00a0 \u00a0 \u00a0 \u00a0 \u00a0 \u00a0 \u00a0 Das 9h \u00e0s 19h &#8220;<\/div>\n","protected":false},"excerpt":{"rendered":"<p>NOT\u00cdCIA DA BIBLIOTECA: &#8220;A partir de segunda feira estaremos iniciando o primeiro semestre de 2015 e j\u00e1 estamos com alguns problemas a enfrentar, alguns oriundos das determina\u00e7\u00f5es do final do ano passado: a) falta de funcion\u00e1rios em virtude da demiss\u00e3o dos funcion\u00e1rios da FAU; b) funcion\u00e1ria em licen\u00e7a maternidade; Em consequ\u00eancia estamos com uma redu\u00e7\u00e3o [&hellip;]<\/p>\n","protected":false},"author":189,"featured_media":0,"comment_status":"closed","ping_status":"closed","sticky":false,"template":"","format":"standard","meta":{"footnotes":""},"categories":[18],"tags":[],"class_list":["post-547","post","type-post","status-publish","format-standard","hentry","category-sem-categoria"],"jetpack_featured_media_url":"","_links":{"self":[{"href":"https:\/\/wp.ufpel.edu.br\/terapiaocupacional\/wp-json\/wp\/v2\/posts\/547","targetHints":{"allow":["GET"]}}],"collection":[{"href":"https:\/\/wp.ufpel.edu.br\/terapiaocupacional\/wp-json\/wp\/v2\/posts"}],"about":[{"href":"https:\/\/wp.ufpel.edu.br\/terapiaocupacional\/wp-json\/wp\/v2\/types\/post"}],"author":[{"embeddable":true,"href":"https:\/\/wp.ufpel.edu.br\/terapiaocupacional\/wp-json\/wp\/v2\/users\/189"}],"replies":[{"embeddable":true,"href":"https:\/\/wp.ufpel.edu.br\/terapiaocupacional\/wp-json\/wp\/v2\/comments?post=547"}],"version-history":[{"count":1,"href":"https:\/\/wp.ufpel.edu.br\/terapiaocupacional\/wp-json\/wp\/v2\/posts\/547\/revisions"}],"predecessor-version":[{"id":548,"href":"https:\/\/wp.ufpel.edu.br\/terapiaocupacional\/wp-json\/wp\/v2\/posts\/547\/revisions\/548"}],"wp:attachment":[{"href":"https:\/\/wp.ufpel.edu.br\/terapiaocupacional\/wp-json\/wp\/v2\/media?parent=547"}],"wp:term":[{"taxonomy":"category","embeddable":true,"href":"https:\/\/wp.ufpel.edu.br\/terapiaocupacional\/wp-json\/wp\/v2\/categories?post=547"},{"taxonomy":"post_tag","embeddable":true,"href":"https:\/\/wp.ufpel.edu.br\/terapiaocupacional\/wp-json\/wp\/v2\/tags?post=547"}],"curies":[{"name":"wp","href":"https:\/\/api.w.org\/{rel}","templated":true}]}}