{"id":387,"date":"2013-07-22T09:41:06","date_gmt":"2013-07-22T12:41:06","guid":{"rendered":"https:\/\/wp.ufpel.edu.br\/terapiaocupacional\/?p=387"},"modified":"2013-07-22T09:41:06","modified_gmt":"2013-07-22T12:41:06","slug":"re-opcao-e-transferencia-terapia-ocupacional","status":"publish","type":"post","link":"https:\/\/wp.ufpel.edu.br\/terapiaocupacional\/2013\/07\/22\/re-opcao-e-transferencia-terapia-ocupacional\/","title":{"rendered":"Re-op\u00e7\u00e3o e Transfer\u00eancia &#8211; TERAPIA OCUPACIONAL"},"content":{"rendered":"<p><strong>Aten\u00e7\u00e3o:<\/strong><\/p>\n<p>&nbsp;<\/p>\n<p>Os alunos que ainda<strong> n\u00e3o conclu\u00edram nenhum semestre letivo<\/strong>\u00a0interessados nos pedidos de transfer\u00eancia e re-op\u00e7\u00e3o dever\u00e3o entregar, no momento da inscri\u00e7\u00e3o, as ementas das disciplinas aproveit\u00e1veis. Por meio das ementas ser\u00e3o formuladas as quest\u00f5es referentes \u00e0s provas da sele\u00e7\u00e3o.<\/p>\n<p>&nbsp;<\/p>\n<p>A Coordena\u00e7\u00e3o.<\/p>\n","protected":false},"excerpt":{"rendered":"<p>Aten\u00e7\u00e3o: &nbsp; Os alunos que ainda n\u00e3o conclu\u00edram nenhum semestre letivo\u00a0interessados nos pedidos de transfer\u00eancia e re-op\u00e7\u00e3o dever\u00e3o entregar, no momento da inscri\u00e7\u00e3o, as ementas das disciplinas aproveit\u00e1veis. Por meio das ementas ser\u00e3o formuladas as quest\u00f5es referentes \u00e0s provas da sele\u00e7\u00e3o. &nbsp; A Coordena\u00e7\u00e3o.<\/p>\n","protected":false},"author":189,"featured_media":0,"comment_status":"closed","ping_status":"closed","sticky":false,"template":"","format":"standard","meta":{"footnotes":""},"categories":[18],"tags":[],"class_list":["post-387","post","type-post","status-publish","format-standard","hentry","category-sem-categoria"],"jetpack_featured_media_url":"","_links":{"self":[{"href":"https:\/\/wp.ufpel.edu.br\/terapiaocupacional\/wp-json\/wp\/v2\/posts\/387","targetHints":{"allow":["GET"]}}],"collection":[{"href":"https:\/\/wp.ufpel.edu.br\/terapiaocupacional\/wp-json\/wp\/v2\/posts"}],"about":[{"href":"https:\/\/wp.ufpel.edu.br\/terapiaocupacional\/wp-json\/wp\/v2\/types\/post"}],"author":[{"embeddable":true,"href":"https:\/\/wp.ufpel.edu.br\/terapiaocupacional\/wp-json\/wp\/v2\/users\/189"}],"replies":[{"embeddable":true,"href":"https:\/\/wp.ufpel.edu.br\/terapiaocupacional\/wp-json\/wp\/v2\/comments?post=387"}],"version-history":[{"count":2,"href":"https:\/\/wp.ufpel.edu.br\/terapiaocupacional\/wp-json\/wp\/v2\/posts\/387\/revisions"}],"predecessor-version":[{"id":389,"href":"https:\/\/wp.ufpel.edu.br\/terapiaocupacional\/wp-json\/wp\/v2\/posts\/387\/revisions\/389"}],"wp:attachment":[{"href":"https:\/\/wp.ufpel.edu.br\/terapiaocupacional\/wp-json\/wp\/v2\/media?parent=387"}],"wp:term":[{"taxonomy":"category","embeddable":true,"href":"https:\/\/wp.ufpel.edu.br\/terapiaocupacional\/wp-json\/wp\/v2\/categories?post=387"},{"taxonomy":"post_tag","embeddable":true,"href":"https:\/\/wp.ufpel.edu.br\/terapiaocupacional\/wp-json\/wp\/v2\/tags?post=387"}],"curies":[{"name":"wp","href":"https:\/\/api.w.org\/{rel}","templated":true}]}}