{"id":296,"date":"2013-03-10T20:35:44","date_gmt":"2013-03-10T23:35:44","guid":{"rendered":"https:\/\/wp.ufpel.edu.br\/terapiaocupacional\/?p=296"},"modified":"2013-03-11T02:48:09","modified_gmt":"2013-03-11T05:48:09","slug":"em-7-de-marco-de-2013-mesa-redonda-iii-semana-academica-do-curso-de-terapia-ocupacional","status":"publish","type":"post","link":"https:\/\/wp.ufpel.edu.br\/terapiaocupacional\/2013\/03\/10\/em-7-de-marco-de-2013-mesa-redonda-iii-semana-academica-do-curso-de-terapia-ocupacional\/","title":{"rendered":"Em 7 de Mar\u00e7o de 2013 &#8211; Mesa Redonda: III Semana Acad\u00eamica do Curso de Terapia Ocupacional"},"content":{"rendered":"<p>Mesa Redonda chama aten\u00e7\u00e3o e amplia o olhar dos graduandos do Curso de Terapia Ocupacional da UFPEL compreendendo a import\u00e2ncia da Terapia Ocupacional no SUS &#8211; SUAS.<\/p>\n<p>Tema: Adolescentes em Situa\u00e7\u00e3o de Risco e Vulnerabilidade &#8211; Palestra ministrada pela Terapeuta Ocupacional Dra. Kelly Portovan &#8211; Porto Alegre &#8211; RS.<\/p>\n<div id=\"attachment_298\" style=\"width: 600px\" class=\"wp-caption aligncenter\"><a href=\"https:\/\/wp.ufpel.edu.br\/terapiaocupacional\/files\/2013\/03\/DSCN00861.jpg\"><img aria-describedby=\"caption-attachment-298\" class=\"size-large wp-image-298\" src=\"https:\/\/wp.ufpel.edu.br\/terapiaocupacional\/files\/2013\/03\/DSCN00861-1024x576.jpg\" alt=\"\" width=\"590\" height=\"331\" srcset=\"https:\/\/wp.ufpel.edu.br\/terapiaocupacional\/files\/2013\/03\/DSCN00861-1024x576.jpg 1024w, https:\/\/wp.ufpel.edu.br\/terapiaocupacional\/files\/2013\/03\/DSCN00861-300x168.jpg 300w\" sizes=\"(max-width: 590px) 100vw, 590px\" \/><\/a><p id=\"caption-attachment-298\" class=\"wp-caption-text\">Fotografia de Larissa Dall&#8217; Agnol da Silva<\/p><\/div>\n<p>&nbsp;<\/p>\n<p>&nbsp;<\/p>\n<p style=\"text-align: center\">Graduanda explana sua satisfa\u00e7\u00e3o com a Palestra da\u00a0Terapeuta Ocupacional Dra. Kelly Portovan<\/p>\n<div id=\"attachment_299\" style=\"width: 600px\" class=\"wp-caption aligncenter\"><a href=\"https:\/\/wp.ufpel.edu.br\/terapiaocupacional\/files\/2013\/03\/DSCN0106.jpg\"><img aria-describedby=\"caption-attachment-299\" class=\"size-large wp-image-299\" src=\"https:\/\/wp.ufpel.edu.br\/terapiaocupacional\/files\/2013\/03\/DSCN0106-1024x576.jpg\" alt=\"\" width=\"590\" height=\"331\" srcset=\"https:\/\/wp.ufpel.edu.br\/terapiaocupacional\/files\/2013\/03\/DSCN0106-1024x576.jpg 1024w, https:\/\/wp.ufpel.edu.br\/terapiaocupacional\/files\/2013\/03\/DSCN0106-300x168.jpg 300w\" sizes=\"(max-width: 590px) 100vw, 590px\" \/><\/a><p id=\"caption-attachment-299\" class=\"wp-caption-text\">Fotografia de Larissa Dall&#8217; Agnol da Silva<\/p><\/div>\n","protected":false},"excerpt":{"rendered":"<p>Mesa Redonda chama aten\u00e7\u00e3o e amplia o olhar dos graduandos do Curso de Terapia Ocupacional da UFPEL compreendendo a import\u00e2ncia da Terapia Ocupacional no SUS &#8211; SUAS. Tema: Adolescentes em Situa\u00e7\u00e3o de Risco e Vulnerabilidade &#8211; Palestra ministrada pela Terapeuta Ocupacional Dra. Kelly Portovan &#8211; Porto Alegre &#8211; RS. &nbsp; &nbsp; Graduanda explana sua satisfa\u00e7\u00e3o [&hellip;]<\/p>\n","protected":false},"author":189,"featured_media":0,"comment_status":"closed","ping_status":"closed","sticky":false,"template":"","format":"standard","meta":{"footnotes":""},"categories":[28832],"tags":[],"class_list":["post-296","post","type-post","status-publish","format-standard","hentry","category-informacoes"],"jetpack_featured_media_url":"","_links":{"self":[{"href":"https:\/\/wp.ufpel.edu.br\/terapiaocupacional\/wp-json\/wp\/v2\/posts\/296","targetHints":{"allow":["GET"]}}],"collection":[{"href":"https:\/\/wp.ufpel.edu.br\/terapiaocupacional\/wp-json\/wp\/v2\/posts"}],"about":[{"href":"https:\/\/wp.ufpel.edu.br\/terapiaocupacional\/wp-json\/wp\/v2\/types\/post"}],"author":[{"embeddable":true,"href":"https:\/\/wp.ufpel.edu.br\/terapiaocupacional\/wp-json\/wp\/v2\/users\/189"}],"replies":[{"embeddable":true,"href":"https:\/\/wp.ufpel.edu.br\/terapiaocupacional\/wp-json\/wp\/v2\/comments?post=296"}],"version-history":[{"count":3,"href":"https:\/\/wp.ufpel.edu.br\/terapiaocupacional\/wp-json\/wp\/v2\/posts\/296\/revisions"}],"predecessor-version":[{"id":332,"href":"https:\/\/wp.ufpel.edu.br\/terapiaocupacional\/wp-json\/wp\/v2\/posts\/296\/revisions\/332"}],"wp:attachment":[{"href":"https:\/\/wp.ufpel.edu.br\/terapiaocupacional\/wp-json\/wp\/v2\/media?parent=296"}],"wp:term":[{"taxonomy":"category","embeddable":true,"href":"https:\/\/wp.ufpel.edu.br\/terapiaocupacional\/wp-json\/wp\/v2\/categories?post=296"},{"taxonomy":"post_tag","embeddable":true,"href":"https:\/\/wp.ufpel.edu.br\/terapiaocupacional\/wp-json\/wp\/v2\/tags?post=296"}],"curies":[{"name":"wp","href":"https:\/\/api.w.org\/{rel}","templated":true}]}}