{"id":262,"date":"2013-02-26T09:14:11","date_gmt":"2013-02-26T12:14:11","guid":{"rendered":"https:\/\/wp.ufpel.edu.br\/terapiaocupacional\/?p=262"},"modified":"2013-02-26T09:14:11","modified_gmt":"2013-02-26T12:14:11","slug":"campanha-de-conscientizacao-contra-o-avc","status":"publish","type":"post","link":"https:\/\/wp.ufpel.edu.br\/terapiaocupacional\/2013\/02\/26\/campanha-de-conscientizacao-contra-o-avc\/","title":{"rendered":"Campanha de Conscientiza\u00e7\u00e3o Contra o AVC"},"content":{"rendered":"<p><strong>Alunos<\/strong>\u00a0dos cursos de Medicina, Enfermagem, Terapia Ocupacional e Nutri\u00e7\u00e3o realizaram em\u00a0<strong>Pelotas<\/strong>,\u00a0a <strong>campanha<\/strong>\u00a0de conscientiza\u00e7\u00e3o contra o Acidente Vascular Cerebral (AVC). Com o apoio da Rede Brasil AVC, eles distribu\u00edram cartazes e panfletos com os primeiros sinais de um AVC e como proceder diante destes sintomas.<\/p>\n<p>Segundo estat\u00edsticas, uma em cada seis pessoas no mundo ter\u00e1 um AVC, que j\u00e1 que \u00e9 a segunda maior causa de mortes e a primeira em incapacita\u00e7\u00e3o no mundo. Alertamos para o tempo de socorro a uma v\u00edtima de AVC: \u201cTempo \u00e9 neur\u00f4nio, quanto mais r\u00e1pido se agir, maiores ser\u00e3o as chances de recupera\u00e7\u00e3o do paciente\u201d , diz Prince Meireles, aluna do curso de Terapia Ocupacional. O ideal \u00e9 que ap\u00f3s o AVC, a v\u00edtima seja socorrida por um m\u00e9dico em dez minutos, em quinze por um neurologista e em trinta seja submetido \u00e0 tomografia.<\/p>\n<p>Entre os fatores de risco citamos o tabagismo, a hipertens\u00e3o arterial, o colesterol alto, a diabetes, o sedentarismo e a idade avan\u00e7ada, entre outros. E entre os sinais de alerta est\u00e3o: \u201cboca torta\u201d (altera\u00e7\u00f5es da simetria facial), perda de for\u00e7a no(s) bra\u00e7o(s) e dificuldade na fala.<\/p>\n<div id=\"attachment_263\" style=\"width: 310px\" class=\"wp-caption aligncenter\"><a href=\"https:\/\/wp.ufpel.edu.br\/terapiaocupacional\/files\/2013\/02\/prince-1.jpg\"><img aria-describedby=\"caption-attachment-263\" class=\"size-medium wp-image-263\" src=\"https:\/\/wp.ufpel.edu.br\/terapiaocupacional\/files\/2013\/02\/prince-1-300x200.jpg\" alt=\"\" width=\"300\" height=\"200\" srcset=\"https:\/\/wp.ufpel.edu.br\/terapiaocupacional\/files\/2013\/02\/prince-1-300x200.jpg 300w, https:\/\/wp.ufpel.edu.br\/terapiaocupacional\/files\/2013\/02\/prince-1.jpg 433w\" sizes=\"(max-width: 300px) 100vw, 300px\" \/><\/a><p id=\"caption-attachment-263\" class=\"wp-caption-text\">Aluna do 3\u00ba semestre de Terapia Ocupacional: Prince Chaiene Meireles<\/p><\/div>\n<div id=\"attachment_264\" style=\"width: 310px\" class=\"wp-caption aligncenter\"><a href=\"https:\/\/wp.ufpel.edu.br\/terapiaocupacional\/files\/2013\/02\/prince-2.jpg\"><img aria-describedby=\"caption-attachment-264\" class=\"size-medium wp-image-264\" src=\"https:\/\/wp.ufpel.edu.br\/terapiaocupacional\/files\/2013\/02\/prince-2-300x198.jpg\" alt=\"\" width=\"300\" height=\"198\" srcset=\"https:\/\/wp.ufpel.edu.br\/terapiaocupacional\/files\/2013\/02\/prince-2-300x198.jpg 300w, https:\/\/wp.ufpel.edu.br\/terapiaocupacional\/files\/2013\/02\/prince-2.jpg 476w\" sizes=\"(max-width: 300px) 100vw, 300px\" \/><\/a><p id=\"caption-attachment-264\" class=\"wp-caption-text\">Alunas do 1\u00ba semestre de Terapia Ocupacional (da esquerda para direita): Jaina Pereira, Flavia Cardoso e Desiree Nobre.<\/p><\/div>\n","protected":false},"excerpt":{"rendered":"<p>Alunos\u00a0dos cursos de Medicina, Enfermagem, Terapia Ocupacional e Nutri\u00e7\u00e3o realizaram em\u00a0Pelotas,\u00a0a campanha\u00a0de conscientiza\u00e7\u00e3o contra o Acidente Vascular Cerebral (AVC). Com o apoio da Rede Brasil AVC, eles distribu\u00edram cartazes e panfletos com os primeiros sinais de um AVC e como proceder diante destes sintomas. Segundo estat\u00edsticas, uma em cada seis pessoas no mundo ter\u00e1 um [&hellip;]<\/p>\n","protected":false},"author":189,"featured_media":0,"comment_status":"closed","ping_status":"closed","sticky":false,"template":"","format":"standard","meta":{"footnotes":""},"categories":[28832],"tags":[],"class_list":["post-262","post","type-post","status-publish","format-standard","hentry","category-informacoes"],"jetpack_featured_media_url":"","_links":{"self":[{"href":"https:\/\/wp.ufpel.edu.br\/terapiaocupacional\/wp-json\/wp\/v2\/posts\/262","targetHints":{"allow":["GET"]}}],"collection":[{"href":"https:\/\/wp.ufpel.edu.br\/terapiaocupacional\/wp-json\/wp\/v2\/posts"}],"about":[{"href":"https:\/\/wp.ufpel.edu.br\/terapiaocupacional\/wp-json\/wp\/v2\/types\/post"}],"author":[{"embeddable":true,"href":"https:\/\/wp.ufpel.edu.br\/terapiaocupacional\/wp-json\/wp\/v2\/users\/189"}],"replies":[{"embeddable":true,"href":"https:\/\/wp.ufpel.edu.br\/terapiaocupacional\/wp-json\/wp\/v2\/comments?post=262"}],"version-history":[{"count":1,"href":"https:\/\/wp.ufpel.edu.br\/terapiaocupacional\/wp-json\/wp\/v2\/posts\/262\/revisions"}],"predecessor-version":[{"id":265,"href":"https:\/\/wp.ufpel.edu.br\/terapiaocupacional\/wp-json\/wp\/v2\/posts\/262\/revisions\/265"}],"wp:attachment":[{"href":"https:\/\/wp.ufpel.edu.br\/terapiaocupacional\/wp-json\/wp\/v2\/media?parent=262"}],"wp:term":[{"taxonomy":"category","embeddable":true,"href":"https:\/\/wp.ufpel.edu.br\/terapiaocupacional\/wp-json\/wp\/v2\/categories?post=262"},{"taxonomy":"post_tag","embeddable":true,"href":"https:\/\/wp.ufpel.edu.br\/terapiaocupacional\/wp-json\/wp\/v2\/tags?post=262"}],"curies":[{"name":"wp","href":"https:\/\/api.w.org\/{rel}","templated":true}]}}