{"id":25,"date":"2012-05-07T12:05:42","date_gmt":"2012-05-07T15:05:42","guid":{"rendered":"https:\/\/wp.ufpel.edu.br\/terapiaocupacional\/?p=25"},"modified":"2012-05-07T12:05:42","modified_gmt":"2012-05-07T15:05:42","slug":"terapia-ocupacional-na-ufpel","status":"publish","type":"post","link":"https:\/\/wp.ufpel.edu.br\/terapiaocupacional\/2012\/05\/07\/terapia-ocupacional-na-ufpel\/","title":{"rendered":"Terapia Ocupacional na UFPel"},"content":{"rendered":"<p>O terapeuta ocupacional se ocupa da realiza\u00e7\u00e3o de atividades, desde as mais simples &#8211; como escovar os dentes ou levar alimentos \u00e0 boca -, \u00e0s mais complexas &#8211; como dirigir um autom\u00f3vel ou dirigir uma empresa -, promovendo, prevenindo, desenvolvendo, tratando, recuperando pessoas ou grupos de pessoas que apresentam qualquer altera\u00e7\u00e3o na realiza\u00e7\u00e3o de atividades de autocuidado ou intera\u00e7\u00e3o social, melhorando o desempenho funcional e reduzindo desvantagens.<\/p>\n<p>O Curso de Terapia Ocupacional da Universidade Federal de Pelotas teve seu in\u00edcio no ano de 2010. Estamos dando nossos primeiro passos, buscando consolida\u00e7\u00e3o dentro da Universidade. Atualmente temos duas turmas com cerca de 30 alunos cada e esperamos para o segundo semestre desse ano uma nova turma!<\/p>\n<p>O curso da UFPel busca articular o ensino, a pesquisa e a extens\u00e3o, visando forma\u00e7\u00e3o profissional para atua\u00e7\u00e3o nas \u00e1reas da sa\u00fade, social e educa\u00e7\u00e3o. Neste contexto s\u00e3o desenvolvidos conte\u00fados e atividades sistematizadas para intervir em diversos cen\u00e1rios, com enfoque na educa\u00e7\u00e3o interprofissional, habilitando os futuros profissionais para integrarem equipes multiprofissionais.<\/p>\n<p>As disciplinas s\u00e3o ministrados desde o in\u00edcio do curso de maneira progressiva e respeitando a autonomia do aluno, chegando \u00e0 ocupa\u00e7\u00e3o plena na grade curricular no quarto ano.<\/p>\n<p>Para tanto, os conte\u00fados ministrados visam sustentar os pressupostos de uma forma\u00e7\u00e3o acad\u00eamica generalista, humanista, critica e reflexiva. Deste modo o futuro graduado em Terapia Ocupacional da UFPel, estar\u00e1 capacitado ao exerc\u00edcio profissional em todas as suas dimens\u00f5es, pautado em princ\u00edpios \u00e9ticos, no campo clinico-terap\u00eautico e preventivo das praticas profissionais.<\/p>\n","protected":false},"excerpt":{"rendered":"<p>O terapeuta ocupacional se ocupa da realiza\u00e7\u00e3o de atividades, desde as mais simples &#8211; como escovar os dentes ou levar alimentos \u00e0 boca -, \u00e0s mais complexas &#8211; como dirigir um autom\u00f3vel ou dirigir uma empresa -, promovendo, prevenindo, desenvolvendo, tratando, recuperando pessoas ou grupos de pessoas que apresentam qualquer altera\u00e7\u00e3o na realiza\u00e7\u00e3o de atividades [&hellip;]<\/p>\n","protected":false},"author":189,"featured_media":0,"comment_status":"closed","ping_status":"closed","sticky":false,"template":"","format":"standard","meta":{"footnotes":""},"categories":[28832],"tags":[28828,36],"class_list":["post-25","post","type-post","status-publish","format-standard","hentry","category-informacoes","tag-terapia-ocupacional","tag-ufpel"],"jetpack_featured_media_url":"","_links":{"self":[{"href":"https:\/\/wp.ufpel.edu.br\/terapiaocupacional\/wp-json\/wp\/v2\/posts\/25","targetHints":{"allow":["GET"]}}],"collection":[{"href":"https:\/\/wp.ufpel.edu.br\/terapiaocupacional\/wp-json\/wp\/v2\/posts"}],"about":[{"href":"https:\/\/wp.ufpel.edu.br\/terapiaocupacional\/wp-json\/wp\/v2\/types\/post"}],"author":[{"embeddable":true,"href":"https:\/\/wp.ufpel.edu.br\/terapiaocupacional\/wp-json\/wp\/v2\/users\/189"}],"replies":[{"embeddable":true,"href":"https:\/\/wp.ufpel.edu.br\/terapiaocupacional\/wp-json\/wp\/v2\/comments?post=25"}],"version-history":[{"count":3,"href":"https:\/\/wp.ufpel.edu.br\/terapiaocupacional\/wp-json\/wp\/v2\/posts\/25\/revisions"}],"predecessor-version":[{"id":28,"href":"https:\/\/wp.ufpel.edu.br\/terapiaocupacional\/wp-json\/wp\/v2\/posts\/25\/revisions\/28"}],"wp:attachment":[{"href":"https:\/\/wp.ufpel.edu.br\/terapiaocupacional\/wp-json\/wp\/v2\/media?parent=25"}],"wp:term":[{"taxonomy":"category","embeddable":true,"href":"https:\/\/wp.ufpel.edu.br\/terapiaocupacional\/wp-json\/wp\/v2\/categories?post=25"},{"taxonomy":"post_tag","embeddable":true,"href":"https:\/\/wp.ufpel.edu.br\/terapiaocupacional\/wp-json\/wp\/v2\/tags?post=25"}],"curies":[{"name":"wp","href":"https:\/\/api.w.org\/{rel}","templated":true}]}}