{"id":2105,"date":"2026-03-17T07:51:42","date_gmt":"2026-03-17T10:51:42","guid":{"rendered":"https:\/\/wp.ufpel.edu.br\/terapiaocupacional\/?p=2105"},"modified":"2026-03-17T08:11:39","modified_gmt":"2026-03-17T11:11:39","slug":"vagas-abertas-para-projeto-de-extensao-em-terapia-ocupacional-cuidativa-ufpel-profa-angelica-araujo","status":"publish","type":"post","link":"https:\/\/wp.ufpel.edu.br\/terapiaocupacional\/2026\/03\/17\/vagas-abertas-para-projeto-de-extensao-em-terapia-ocupacional-cuidativa-ufpel-profa-angelica-araujo\/","title":{"rendered":"Vagas abertas para Projeto de Extens\u00e3o em Terapia Ocupacional (CuidATIVA\/UFPel) &#8211; Prof\u00aa Ang\u00e9lica Araujo"},"content":{"rendered":"<p class=\"isSelectedEnd\"><a href=\"https:\/\/wp.ufpel.edu.br\/terapiaocupacional\/files\/2026\/03\/Logo-Cuidativa-2024-fundo-transparente.png\"><img class=\"alignnone wp-image-2107\" src=\"https:\/\/wp.ufpel.edu.br\/terapiaocupacional\/files\/2026\/03\/Logo-Cuidativa-2024-fundo-transparente-400x400.png\" alt=\"\" width=\"108\" height=\"108\" srcset=\"https:\/\/wp.ufpel.edu.br\/terapiaocupacional\/files\/2026\/03\/Logo-Cuidativa-2024-fundo-transparente-400x400.png 400w, https:\/\/wp.ufpel.edu.br\/terapiaocupacional\/files\/2026\/03\/Logo-Cuidativa-2024-fundo-transparente-1024x1024.png 1024w, https:\/\/wp.ufpel.edu.br\/terapiaocupacional\/files\/2026\/03\/Logo-Cuidativa-2024-fundo-transparente-200x200.png 200w, https:\/\/wp.ufpel.edu.br\/terapiaocupacional\/files\/2026\/03\/Logo-Cuidativa-2024-fundo-transparente-768x768.png 768w, https:\/\/wp.ufpel.edu.br\/terapiaocupacional\/files\/2026\/03\/Logo-Cuidativa-2024-fundo-transparente.png 1500w\" sizes=\"(max-width: 108px) 100vw, 108px\" \/><\/a><\/p>\n<p class=\"isSelectedEnd\">Est\u00e3o abertas as inscri\u00e7\u00f5es para a a\u00e7\u00e3o <strong>\u201cPr\u00e1tica em Terapia Ocupacional \u2013 Ampliando Espa\u00e7os de Sa\u00fade\u201d<\/strong>, sob supervis\u00e3o da Prof\u00aa Dr\u00aa Ang\u00e9lica Araujo, vinculada ao projeto CuidATIVA\/UFPel.<\/p>\n<p class=\"isSelectedEnd\">A proposta envolve participa\u00e7\u00e3o em atendimentos, supervis\u00e3o cl\u00ednica e desenvolvimento do racioc\u00ednio profissional por meio da pr\u00e1tica reflexiva.<\/p>\n<p class=\"isSelectedEnd\">&#x1f4c5; Inscri\u00e7\u00f5es: de 17 a 23 de mar\u00e7o de 2026<\/p>\n<p><strong>Confira o edital completo: <a href=\"https:\/\/wp.ufpel.edu.br\/terapiaocupacional\/files\/2026\/03\/Edital-Cuidativa-2026_1-1.pdf\">Edital Cuidativa 2026_1<\/a><\/strong><\/p>\n","protected":false},"excerpt":{"rendered":"<p>Est\u00e3o abertas as inscri\u00e7\u00f5es para a a\u00e7\u00e3o \u201cPr\u00e1tica em Terapia Ocupacional \u2013 Ampliando Espa\u00e7os de Sa\u00fade\u201d, sob supervis\u00e3o da Prof\u00aa Dr\u00aa Ang\u00e9lica Araujo, vinculada ao projeto CuidATIVA\/UFPel. A proposta envolve participa\u00e7\u00e3o em atendimentos, supervis\u00e3o cl\u00ednica e desenvolvimento do racioc\u00ednio profissional por meio da pr\u00e1tica reflexiva. &#x1f4c5; Inscri\u00e7\u00f5es: de 17 a 23 de mar\u00e7o de 2026 [&hellip;]<\/p>\n","protected":false},"author":189,"featured_media":0,"comment_status":"closed","ping_status":"closed","sticky":false,"template":"","format":"standard","meta":{"footnotes":""},"categories":[18],"tags":[],"class_list":["post-2105","post","type-post","status-publish","format-standard","hentry","category-sem-categoria"],"jetpack_featured_media_url":"","_links":{"self":[{"href":"https:\/\/wp.ufpel.edu.br\/terapiaocupacional\/wp-json\/wp\/v2\/posts\/2105","targetHints":{"allow":["GET"]}}],"collection":[{"href":"https:\/\/wp.ufpel.edu.br\/terapiaocupacional\/wp-json\/wp\/v2\/posts"}],"about":[{"href":"https:\/\/wp.ufpel.edu.br\/terapiaocupacional\/wp-json\/wp\/v2\/types\/post"}],"author":[{"embeddable":true,"href":"https:\/\/wp.ufpel.edu.br\/terapiaocupacional\/wp-json\/wp\/v2\/users\/189"}],"replies":[{"embeddable":true,"href":"https:\/\/wp.ufpel.edu.br\/terapiaocupacional\/wp-json\/wp\/v2\/comments?post=2105"}],"version-history":[{"count":3,"href":"https:\/\/wp.ufpel.edu.br\/terapiaocupacional\/wp-json\/wp\/v2\/posts\/2105\/revisions"}],"predecessor-version":[{"id":2112,"href":"https:\/\/wp.ufpel.edu.br\/terapiaocupacional\/wp-json\/wp\/v2\/posts\/2105\/revisions\/2112"}],"wp:attachment":[{"href":"https:\/\/wp.ufpel.edu.br\/terapiaocupacional\/wp-json\/wp\/v2\/media?parent=2105"}],"wp:term":[{"taxonomy":"category","embeddable":true,"href":"https:\/\/wp.ufpel.edu.br\/terapiaocupacional\/wp-json\/wp\/v2\/categories?post=2105"},{"taxonomy":"post_tag","embeddable":true,"href":"https:\/\/wp.ufpel.edu.br\/terapiaocupacional\/wp-json\/wp\/v2\/tags?post=2105"}],"curies":[{"name":"wp","href":"https:\/\/api.w.org\/{rel}","templated":true}]}}