{"id":2074,"date":"2025-11-29T13:49:32","date_gmt":"2025-11-29T16:49:32","guid":{"rendered":"https:\/\/wp.ufpel.edu.br\/terapiaocupacional\/?p=2074"},"modified":"2025-11-29T13:49:32","modified_gmt":"2025-11-29T16:49:32","slug":"evento-politica-nacional-de-cuidados-paliativos-implementacao-em-rede-na-macrorregiao-sul-rs","status":"publish","type":"post","link":"https:\/\/wp.ufpel.edu.br\/terapiaocupacional\/2025\/11\/29\/evento-politica-nacional-de-cuidados-paliativos-implementacao-em-rede-na-macrorregiao-sul-rs\/","title":{"rendered":"EVENTO: Pol\u00edtica Nacional de Cuidados Paliativos: Implementa\u00e7\u00e3o em rede na macrorregi\u00e3o sul-RS"},"content":{"rendered":"<p><a href=\"https:\/\/wp.ufpel.edu.br\/terapiaocupacional\/files\/2025\/11\/WhatsApp-Image-2025-11-29-at-11.20.08.jpeg\"><img class=\"alignnone  wp-image-2075\" src=\"https:\/\/wp.ufpel.edu.br\/terapiaocupacional\/files\/2025\/11\/WhatsApp-Image-2025-11-29-at-11.20.08-284x400.jpeg\" alt=\"\" width=\"305\" height=\"429\" srcset=\"https:\/\/wp.ufpel.edu.br\/terapiaocupacional\/files\/2025\/11\/WhatsApp-Image-2025-11-29-at-11.20.08-284x400.jpeg 284w, https:\/\/wp.ufpel.edu.br\/terapiaocupacional\/files\/2025\/11\/WhatsApp-Image-2025-11-29-at-11.20.08-726x1024.jpeg 726w, https:\/\/wp.ufpel.edu.br\/terapiaocupacional\/files\/2025\/11\/WhatsApp-Image-2025-11-29-at-11.20.08-768x1083.jpeg 768w, https:\/\/wp.ufpel.edu.br\/terapiaocupacional\/files\/2025\/11\/WhatsApp-Image-2025-11-29-at-11.20.08-1090x1536.jpeg 1090w, https:\/\/wp.ufpel.edu.br\/terapiaocupacional\/files\/2025\/11\/WhatsApp-Image-2025-11-29-at-11.20.08.jpeg 1135w\" sizes=\"(max-width: 305px) 100vw, 305px\" \/><\/a> \u00a0<a href=\"https:\/\/wp.ufpel.edu.br\/terapiaocupacional\/files\/2025\/11\/WhatsApp-Image-2025-11-29-at-11.20.09.jpeg\"><img class=\"alignnone  wp-image-2076\" src=\"https:\/\/wp.ufpel.edu.br\/terapiaocupacional\/files\/2025\/11\/WhatsApp-Image-2025-11-29-at-11.20.09-320x400.jpeg\" alt=\"\" width=\"342\" height=\"428\" srcset=\"https:\/\/wp.ufpel.edu.br\/terapiaocupacional\/files\/2025\/11\/WhatsApp-Image-2025-11-29-at-11.20.09-320x400.jpeg 320w, https:\/\/wp.ufpel.edu.br\/terapiaocupacional\/files\/2025\/11\/WhatsApp-Image-2025-11-29-at-11.20.09-819x1024.jpeg 819w, https:\/\/wp.ufpel.edu.br\/terapiaocupacional\/files\/2025\/11\/WhatsApp-Image-2025-11-29-at-11.20.09-768x960.jpeg 768w, https:\/\/wp.ufpel.edu.br\/terapiaocupacional\/files\/2025\/11\/WhatsApp-Image-2025-11-29-at-11.20.09.jpeg 1080w\" sizes=\"(max-width: 342px) 100vw, 342px\" \/><\/a><\/p>\n<p>INSCRI\u00c7\u00d5ES: <a href=\"https:\/\/docs.google.com\/forms\/d\/e\/1FAIpQLSeHVlLdcgN1yisyZDS8bmQ1E1yF4UBt3mGuubFpucoMyTGCzg\/viewform\">Pol\u00edtica Nacional de Cuidados Paliativos: Implementa\u00e7\u00e3o em Rede na Macrorregi\u00e3o Sul &#8211; RS<\/a><\/p>\n","protected":false},"excerpt":{"rendered":"<p>\u00a0 INSCRI\u00c7\u00d5ES: Pol\u00edtica Nacional de Cuidados Paliativos: Implementa\u00e7\u00e3o em Rede na Macrorregi\u00e3o Sul &#8211; RS<\/p>\n","protected":false},"author":189,"featured_media":0,"comment_status":"closed","ping_status":"closed","sticky":false,"template":"","format":"standard","meta":{"footnotes":""},"categories":[18],"tags":[],"class_list":["post-2074","post","type-post","status-publish","format-standard","hentry","category-sem-categoria"],"jetpack_featured_media_url":"","_links":{"self":[{"href":"https:\/\/wp.ufpel.edu.br\/terapiaocupacional\/wp-json\/wp\/v2\/posts\/2074","targetHints":{"allow":["GET"]}}],"collection":[{"href":"https:\/\/wp.ufpel.edu.br\/terapiaocupacional\/wp-json\/wp\/v2\/posts"}],"about":[{"href":"https:\/\/wp.ufpel.edu.br\/terapiaocupacional\/wp-json\/wp\/v2\/types\/post"}],"author":[{"embeddable":true,"href":"https:\/\/wp.ufpel.edu.br\/terapiaocupacional\/wp-json\/wp\/v2\/users\/189"}],"replies":[{"embeddable":true,"href":"https:\/\/wp.ufpel.edu.br\/terapiaocupacional\/wp-json\/wp\/v2\/comments?post=2074"}],"version-history":[{"count":3,"href":"https:\/\/wp.ufpel.edu.br\/terapiaocupacional\/wp-json\/wp\/v2\/posts\/2074\/revisions"}],"predecessor-version":[{"id":2079,"href":"https:\/\/wp.ufpel.edu.br\/terapiaocupacional\/wp-json\/wp\/v2\/posts\/2074\/revisions\/2079"}],"wp:attachment":[{"href":"https:\/\/wp.ufpel.edu.br\/terapiaocupacional\/wp-json\/wp\/v2\/media?parent=2074"}],"wp:term":[{"taxonomy":"category","embeddable":true,"href":"https:\/\/wp.ufpel.edu.br\/terapiaocupacional\/wp-json\/wp\/v2\/categories?post=2074"},{"taxonomy":"post_tag","embeddable":true,"href":"https:\/\/wp.ufpel.edu.br\/terapiaocupacional\/wp-json\/wp\/v2\/tags?post=2074"}],"curies":[{"name":"wp","href":"https:\/\/api.w.org\/{rel}","templated":true}]}}