{"id":2069,"date":"2025-11-26T14:48:37","date_gmt":"2025-11-26T17:48:37","guid":{"rendered":"https:\/\/wp.ufpel.edu.br\/terapiaocupacional\/?p=2069"},"modified":"2025-11-26T14:48:37","modified_gmt":"2025-11-26T17:48:37","slug":"nucleo-de-estudos-e-pesquisa-em-terapia-ocupacional-critica-da-ufpel-neptoc","status":"publish","type":"post","link":"https:\/\/wp.ufpel.edu.br\/terapiaocupacional\/2025\/11\/26\/nucleo-de-estudos-e-pesquisa-em-terapia-ocupacional-critica-da-ufpel-neptoc\/","title":{"rendered":"N\u00facleo de Estudos e Pesquisa em Terapia Ocupacional Cr\u00edtica da UFPel (NEPTOC)"},"content":{"rendered":"<p style=\"text-align: center;\"><strong>REUNI\u00c3O ABERTA PARA INTERESSADOS(AS) EM INICIA\u00c7\u00c3O CIENT\u00cdFICA<\/strong><\/p>\n<p>&nbsp;<\/p>\n<p><strong>SOBRE O NEPTOC<\/strong><\/p>\n<p>O N\u00facleo de Estudos e Pesquisa em Terapia Ocupacional Cr\u00edtica (NEPTOC) tem como objetivo fortalecer a produ\u00e7\u00e3o de conhecimento em Terapia Ocupacional a partir do m\u00e9todo materialista hist\u00f3rico-dial\u00e9tico (MHD), incorporado \u00e0 profiss\u00e3o desde a d\u00e9cada de 1980. Parte da compreens\u00e3o de que, sem an\u00e1lise cr\u00edtica da realidade, a pr\u00e1tica profissional tende a se reduzir a mecanismos de adapta\u00e7\u00e3o social, esvaziando o compromisso \u00e9tico-pol\u00edtico com o enfrentamento das desigualdades.<\/p>\n<p>Ao reconhecer a ocupa\u00e7\u00e3o humana e o cotidiano como categorias historicamente determinadas, o NEPTOC busca aprofundar essa perspectiva na teoria e na pr\u00e1tica, fomentando processos coletivos e emancipat\u00f3rios no campo da sa\u00fade coletiva, ancorados em uma abordagem cr\u00edtica e socialmente referenciada.<\/p>\n<p>&nbsp;<\/p>\n<p><strong>P\u00daBLICO-ALVO:\u00a0 <\/strong>Estudantes <strong>regularmente matriculados(as) no Curso de Terapia Ocupacional da UFPel<\/strong> em qualquer semestre, com disponibilidade de 3 horas semanais.<\/p>\n<p>&nbsp;<\/p>\n<p><strong>REUNI\u00c3O ABERTA <\/strong><\/p>\n<p><strong>Data:<\/strong> 02 de dezembro<br \/>\n<strong>Hor\u00e1rio:<\/strong> 10h<br \/>\n<strong>Local:<\/strong> Servi\u00e7o Escola de Terapia Ocupacional, sala 3.<\/p>\n<p>&nbsp;<\/p>\n<p><strong>INFORMA\u00c7\u00d5ES GERAIS: <\/strong>A participa\u00e7\u00e3o no N\u00facleo n\u00e3o prev\u00ea bolsa neste primeiro momento, embora possa integrar futuras submiss\u00f5es a editais. Na reuni\u00e3o, ser\u00e1 apresentada a proposta do NEPTOC, os projetos em tramita\u00e7\u00e3o e a organiza\u00e7\u00e3o metodol\u00f3gica inicial, incluindo periodicidade e din\u00e2micas dos encontros.<\/p>\n<p>&nbsp;<\/p>\n<p style=\"text-align: center;\"><strong>Laurem Janine Pereira de Aguiar<\/strong><br \/>\nDocente do Curso de Terapia Ocupacional \u2013 UFPel<\/p>\n<p style=\"text-align: center;\">Pelotas, 26 de novembro de 2025.<\/p>\n","protected":false},"excerpt":{"rendered":"<p>REUNI\u00c3O ABERTA PARA INTERESSADOS(AS) EM INICIA\u00c7\u00c3O CIENT\u00cdFICA &nbsp; SOBRE O NEPTOC O N\u00facleo de Estudos e Pesquisa em Terapia Ocupacional Cr\u00edtica (NEPTOC) tem como objetivo fortalecer a produ\u00e7\u00e3o de conhecimento em Terapia Ocupacional a partir do m\u00e9todo materialista hist\u00f3rico-dial\u00e9tico (MHD), incorporado \u00e0 profiss\u00e3o desde a d\u00e9cada de 1980. Parte da compreens\u00e3o de que, sem an\u00e1lise [&hellip;]<\/p>\n","protected":false},"author":189,"featured_media":0,"comment_status":"closed","ping_status":"closed","sticky":false,"template":"","format":"standard","meta":{"footnotes":""},"categories":[18],"tags":[],"class_list":["post-2069","post","type-post","status-publish","format-standard","hentry","category-sem-categoria"],"jetpack_featured_media_url":"","_links":{"self":[{"href":"https:\/\/wp.ufpel.edu.br\/terapiaocupacional\/wp-json\/wp\/v2\/posts\/2069","targetHints":{"allow":["GET"]}}],"collection":[{"href":"https:\/\/wp.ufpel.edu.br\/terapiaocupacional\/wp-json\/wp\/v2\/posts"}],"about":[{"href":"https:\/\/wp.ufpel.edu.br\/terapiaocupacional\/wp-json\/wp\/v2\/types\/post"}],"author":[{"embeddable":true,"href":"https:\/\/wp.ufpel.edu.br\/terapiaocupacional\/wp-json\/wp\/v2\/users\/189"}],"replies":[{"embeddable":true,"href":"https:\/\/wp.ufpel.edu.br\/terapiaocupacional\/wp-json\/wp\/v2\/comments?post=2069"}],"version-history":[{"count":2,"href":"https:\/\/wp.ufpel.edu.br\/terapiaocupacional\/wp-json\/wp\/v2\/posts\/2069\/revisions"}],"predecessor-version":[{"id":2072,"href":"https:\/\/wp.ufpel.edu.br\/terapiaocupacional\/wp-json\/wp\/v2\/posts\/2069\/revisions\/2072"}],"wp:attachment":[{"href":"https:\/\/wp.ufpel.edu.br\/terapiaocupacional\/wp-json\/wp\/v2\/media?parent=2069"}],"wp:term":[{"taxonomy":"category","embeddable":true,"href":"https:\/\/wp.ufpel.edu.br\/terapiaocupacional\/wp-json\/wp\/v2\/categories?post=2069"},{"taxonomy":"post_tag","embeddable":true,"href":"https:\/\/wp.ufpel.edu.br\/terapiaocupacional\/wp-json\/wp\/v2\/tags?post=2069"}],"curies":[{"name":"wp","href":"https:\/\/api.w.org\/{rel}","templated":true}]}}