{"id":1758,"date":"2024-08-31T21:51:09","date_gmt":"2024-09-01T00:51:09","guid":{"rendered":"https:\/\/wp.ufpel.edu.br\/terapiaocupacional\/?p=1758"},"modified":"2024-08-31T21:51:09","modified_gmt":"2024-09-01T00:51:09","slug":"encontro-de-docentes-e-discentes-de-fisio-e-to-do-rs","status":"publish","type":"post","link":"https:\/\/wp.ufpel.edu.br\/terapiaocupacional\/2024\/08\/31\/encontro-de-docentes-e-discentes-de-fisio-e-to-do-rs\/","title":{"rendered":"Encontro de Docentes e Discentes de Fisio e TO do RS"},"content":{"rendered":"<p>O Conselho Regional de Fisioterapia e Terapia Ocupacional da 5\u00aa Regi\u00e3o (CREFITO-5) organizou um encontro para reunir docentes e discentes, focando na discuss\u00e3o e reflex\u00e3o sobre o perfil profissional e a forma\u00e7\u00e3o dos futuros fisioterapeutas e terapeutas ocupacionais.<\/p>\n<p>Este encontro ocorreu no dia 31\/08\/2024, na UNISINOS, em Porto Alegre\/RS, e representou uma oportunidade \u00fanica para dialogar, compartilhar experi\u00eancias e construir caminhos que atendam \u00e0s necessidades do mercado e da sociedade.<\/p>\n<h3><strong>A Terapia Ocupacional da UFPel marcou presen\u00e7a no evento!<\/strong><\/h3>\n<p><a href=\"https:\/\/wp.ufpel.edu.br\/terapiaocupacional\/files\/2024\/08\/foto3.jpeg\"><img class=\"alignnone  wp-image-1759\" src=\"https:\/\/wp.ufpel.edu.br\/terapiaocupacional\/files\/2024\/08\/foto3-400x308.jpeg\" alt=\"\" width=\"475\" height=\"366\" srcset=\"https:\/\/wp.ufpel.edu.br\/terapiaocupacional\/files\/2024\/08\/foto3-400x308.jpeg 400w, https:\/\/wp.ufpel.edu.br\/terapiaocupacional\/files\/2024\/08\/foto3.jpeg 650w\" sizes=\"(max-width: 475px) 100vw, 475px\" \/><\/a><\/p>\n<p><a href=\"https:\/\/wp.ufpel.edu.br\/terapiaocupacional\/files\/2024\/08\/foto2.jpeg\"><img class=\"alignnone  wp-image-1760\" src=\"https:\/\/wp.ufpel.edu.br\/terapiaocupacional\/files\/2024\/08\/foto2-400x300.jpeg\" alt=\"\" width=\"472\" height=\"354\" srcset=\"https:\/\/wp.ufpel.edu.br\/terapiaocupacional\/files\/2024\/08\/foto2-400x300.jpeg 400w, https:\/\/wp.ufpel.edu.br\/terapiaocupacional\/files\/2024\/08\/foto2-1024x768.jpeg 1024w, https:\/\/wp.ufpel.edu.br\/terapiaocupacional\/files\/2024\/08\/foto2-768x576.jpeg 768w, https:\/\/wp.ufpel.edu.br\/terapiaocupacional\/files\/2024\/08\/foto2-1536x1152.jpeg 1536w, https:\/\/wp.ufpel.edu.br\/terapiaocupacional\/files\/2024\/08\/foto2.jpeg 1600w\" sizes=\"(max-width: 472px) 100vw, 472px\" \/><\/a><\/p>\n<p><a href=\"https:\/\/wp.ufpel.edu.br\/terapiaocupacional\/files\/2024\/08\/foto1.jpeg\"><img class=\"alignnone  wp-image-1761\" src=\"https:\/\/wp.ufpel.edu.br\/terapiaocupacional\/files\/2024\/08\/foto1-400x300.jpeg\" alt=\"\" width=\"473\" height=\"355\" srcset=\"https:\/\/wp.ufpel.edu.br\/terapiaocupacional\/files\/2024\/08\/foto1-400x300.jpeg 400w, https:\/\/wp.ufpel.edu.br\/terapiaocupacional\/files\/2024\/08\/foto1-1024x768.jpeg 1024w, https:\/\/wp.ufpel.edu.br\/terapiaocupacional\/files\/2024\/08\/foto1-768x576.jpeg 768w, https:\/\/wp.ufpel.edu.br\/terapiaocupacional\/files\/2024\/08\/foto1-1536x1152.jpeg 1536w, https:\/\/wp.ufpel.edu.br\/terapiaocupacional\/files\/2024\/08\/foto1.jpeg 1600w\" sizes=\"(max-width: 473px) 100vw, 473px\" \/><\/a><\/p>\n","protected":false},"excerpt":{"rendered":"<p>O Conselho Regional de Fisioterapia e Terapia Ocupacional da 5\u00aa Regi\u00e3o (CREFITO-5) organizou um encontro para reunir docentes e discentes, focando na discuss\u00e3o e reflex\u00e3o sobre o perfil profissional e a forma\u00e7\u00e3o dos futuros fisioterapeutas e terapeutas ocupacionais. Este encontro ocorreu no dia 31\/08\/2024, na UNISINOS, em Porto Alegre\/RS, e representou uma oportunidade \u00fanica para [&hellip;]<\/p>\n","protected":false},"author":189,"featured_media":0,"comment_status":"closed","ping_status":"closed","sticky":false,"template":"","format":"standard","meta":{"footnotes":""},"categories":[18],"tags":[],"class_list":["post-1758","post","type-post","status-publish","format-standard","hentry","category-sem-categoria"],"jetpack_featured_media_url":"","_links":{"self":[{"href":"https:\/\/wp.ufpel.edu.br\/terapiaocupacional\/wp-json\/wp\/v2\/posts\/1758","targetHints":{"allow":["GET"]}}],"collection":[{"href":"https:\/\/wp.ufpel.edu.br\/terapiaocupacional\/wp-json\/wp\/v2\/posts"}],"about":[{"href":"https:\/\/wp.ufpel.edu.br\/terapiaocupacional\/wp-json\/wp\/v2\/types\/post"}],"author":[{"embeddable":true,"href":"https:\/\/wp.ufpel.edu.br\/terapiaocupacional\/wp-json\/wp\/v2\/users\/189"}],"replies":[{"embeddable":true,"href":"https:\/\/wp.ufpel.edu.br\/terapiaocupacional\/wp-json\/wp\/v2\/comments?post=1758"}],"version-history":[{"count":2,"href":"https:\/\/wp.ufpel.edu.br\/terapiaocupacional\/wp-json\/wp\/v2\/posts\/1758\/revisions"}],"predecessor-version":[{"id":1763,"href":"https:\/\/wp.ufpel.edu.br\/terapiaocupacional\/wp-json\/wp\/v2\/posts\/1758\/revisions\/1763"}],"wp:attachment":[{"href":"https:\/\/wp.ufpel.edu.br\/terapiaocupacional\/wp-json\/wp\/v2\/media?parent=1758"}],"wp:term":[{"taxonomy":"category","embeddable":true,"href":"https:\/\/wp.ufpel.edu.br\/terapiaocupacional\/wp-json\/wp\/v2\/categories?post=1758"},{"taxonomy":"post_tag","embeddable":true,"href":"https:\/\/wp.ufpel.edu.br\/terapiaocupacional\/wp-json\/wp\/v2\/tags?post=1758"}],"curies":[{"name":"wp","href":"https:\/\/api.w.org\/{rel}","templated":true}]}}