{"id":1732,"date":"2024-08-19T21:09:27","date_gmt":"2024-08-20T00:09:27","guid":{"rendered":"https:\/\/wp.ufpel.edu.br\/terapiaocupacional\/?p=1732"},"modified":"2024-08-19T21:09:27","modified_gmt":"2024-08-20T00:09:27","slug":"processo-seletivo-complementar-da-ufpel-oferece-1909-vagas","status":"publish","type":"post","link":"https:\/\/wp.ufpel.edu.br\/terapiaocupacional\/2024\/08\/19\/processo-seletivo-complementar-da-ufpel-oferece-1909-vagas\/","title":{"rendered":"Processo seletivo complementar da UFPel oferece 1909 vagas"},"content":{"rendered":"<p>A Universidade Federal de Pelotas (UFPel) publicou o edital do Processo Seletivo Complementar 2024\/2, oferecendo 1909 vagas em 62 cursos de gradua\u00e7\u00e3o.<\/p>\n<p>As inscri\u00e7\u00f5es estar\u00e3o abertas de 12 a 23 de agosto.<\/p>\n<p>Maiores informa\u00e7\u00f5es no link: <a href=\"https:\/\/ccs2.ufpel.edu.br\/wp\/2024\/08\/12\/processo-seletivo-complementar-da-ufpel-oferece-1909-vagas\/\">Coordena\u00e7\u00e3o de Comunica\u00e7\u00e3o Social \u00bb Processo seletivo complementar da UFPel oferece 1909 vagas<\/a><\/p>\n","protected":false},"excerpt":{"rendered":"<p>A Universidade Federal de Pelotas (UFPel) publicou o edital do Processo Seletivo Complementar 2024\/2, oferecendo 1909 vagas em 62 cursos de gradua\u00e7\u00e3o. As inscri\u00e7\u00f5es estar\u00e3o abertas de 12 a 23 de agosto. Maiores informa\u00e7\u00f5es no link: Coordena\u00e7\u00e3o de Comunica\u00e7\u00e3o Social \u00bb Processo seletivo complementar da UFPel oferece 1909 vagas<\/p>\n","protected":false},"author":189,"featured_media":0,"comment_status":"closed","ping_status":"closed","sticky":false,"template":"","format":"standard","meta":{"footnotes":""},"categories":[18],"tags":[],"class_list":["post-1732","post","type-post","status-publish","format-standard","hentry","category-sem-categoria"],"jetpack_featured_media_url":"","_links":{"self":[{"href":"https:\/\/wp.ufpel.edu.br\/terapiaocupacional\/wp-json\/wp\/v2\/posts\/1732","targetHints":{"allow":["GET"]}}],"collection":[{"href":"https:\/\/wp.ufpel.edu.br\/terapiaocupacional\/wp-json\/wp\/v2\/posts"}],"about":[{"href":"https:\/\/wp.ufpel.edu.br\/terapiaocupacional\/wp-json\/wp\/v2\/types\/post"}],"author":[{"embeddable":true,"href":"https:\/\/wp.ufpel.edu.br\/terapiaocupacional\/wp-json\/wp\/v2\/users\/189"}],"replies":[{"embeddable":true,"href":"https:\/\/wp.ufpel.edu.br\/terapiaocupacional\/wp-json\/wp\/v2\/comments?post=1732"}],"version-history":[{"count":1,"href":"https:\/\/wp.ufpel.edu.br\/terapiaocupacional\/wp-json\/wp\/v2\/posts\/1732\/revisions"}],"predecessor-version":[{"id":1733,"href":"https:\/\/wp.ufpel.edu.br\/terapiaocupacional\/wp-json\/wp\/v2\/posts\/1732\/revisions\/1733"}],"wp:attachment":[{"href":"https:\/\/wp.ufpel.edu.br\/terapiaocupacional\/wp-json\/wp\/v2\/media?parent=1732"}],"wp:term":[{"taxonomy":"category","embeddable":true,"href":"https:\/\/wp.ufpel.edu.br\/terapiaocupacional\/wp-json\/wp\/v2\/categories?post=1732"},{"taxonomy":"post_tag","embeddable":true,"href":"https:\/\/wp.ufpel.edu.br\/terapiaocupacional\/wp-json\/wp\/v2\/tags?post=1732"}],"curies":[{"name":"wp","href":"https:\/\/api.w.org\/{rel}","templated":true}]}}