{"id":1713,"date":"2024-08-07T11:31:23","date_gmt":"2024-08-07T14:31:23","guid":{"rendered":"https:\/\/wp.ufpel.edu.br\/terapiaocupacional\/?p=1713"},"modified":"2024-08-07T11:33:20","modified_gmt":"2024-08-07T14:33:20","slug":"edital-auxilio-de-eventos-no1-2024-ufpel","status":"publish","type":"post","link":"https:\/\/wp.ufpel.edu.br\/terapiaocupacional\/2024\/08\/07\/edital-auxilio-de-eventos-no1-2024-ufpel\/","title":{"rendered":"Edital &#8211; Aux\u00edlio de Eventos n\u00ba1\/2024 UFPel"},"content":{"rendered":"<p>MEMORANDO DE DIVULGA\u00c7\u00c3O ==&gt;\u00a0<a href=\"https:\/\/wp.ufpel.edu.br\/terapiaocupacional\/files\/2024\/08\/Edital-auxilio-de-eventos-no1-2024.pdf\">Edital aux\u00edlio de eventos n\u00ba1-2024<\/a><\/p>\n<p>O presente edital encontra-se publicado na p\u00e1gina da PRAE no link: <a href=\"https:\/\/wp.ufpel.edu.br\/prae\/2024\/08\/01\/edital-auxilio-eventos-no-1-2024\/\">https:\/\/wp.ufpel.edu.br\/prae\/2024\/08\/01\/edital-auxilio-eventos-no-1-2024\/<\/a><\/p>\n<p>Ser\u00e3o destinados R$60.000,00 (sessenta mil reais) para contemplar propostas de participa\u00e7\u00e3o e\/ou organiza\u00e7\u00e3o de eventos acad\u00eamicos, cient\u00edficos, tecnol\u00f3gicos, culturais, art\u00edsticos e pol\u00edticos estudantis.<\/p>\n<p><strong>As propostas dever\u00e3o ser submetidas pelos(as) pr\u00f3prios(as) estudantes interessados(as) de forma inteiramente on-line, conforme indica\u00e7\u00e3o do Edital.<\/strong><\/p>\n<p><strong>O edital aceitar\u00e1 submiss\u00f5es de propostas at\u00e9 30 de agosto de 2024. <\/strong><\/p>\n<p>Os resultados ser\u00e3o publicados no site da PRAE (<a href=\"https:\/\/wp.ufpel.edu.br\/prae\/\">https:\/\/wp.ufpel.edu.br\/prae\/<\/a>): at\u00e9 o dia 04 de setembro e os recursos financeiros atender\u00e3o \u00e0s solicita\u00e7\u00f5es efetuadas para<br \/>\neventos realizados entre 13 de setembro a 20 dezembro de 2024.<\/p>\n<p>D\u00favidas sobre o edital Aux\u00edlio Eventos N\u00ba1\/2024 ser\u00e3o respondidas apenas pelo e-mail: <a href=\"mailto:auxilio.eventos@ufpel.edu.br\">auxilio.eventos@ufpel.edu.br<\/a><\/p>\n<p>&nbsp;<\/p>\n","protected":false},"excerpt":{"rendered":"<p>MEMORANDO DE DIVULGA\u00c7\u00c3O ==&gt;\u00a0Edital aux\u00edlio de eventos n\u00ba1-2024 O presente edital encontra-se publicado na p\u00e1gina da PRAE no link: https:\/\/wp.ufpel.edu.br\/prae\/2024\/08\/01\/edital-auxilio-eventos-no-1-2024\/ Ser\u00e3o destinados R$60.000,00 (sessenta mil reais) para contemplar propostas de participa\u00e7\u00e3o e\/ou organiza\u00e7\u00e3o de eventos acad\u00eamicos, cient\u00edficos, tecnol\u00f3gicos, culturais, art\u00edsticos e pol\u00edticos estudantis. As propostas dever\u00e3o ser submetidas pelos(as) pr\u00f3prios(as) estudantes interessados(as) de forma inteiramente [&hellip;]<\/p>\n","protected":false},"author":189,"featured_media":0,"comment_status":"closed","ping_status":"closed","sticky":false,"template":"","format":"standard","meta":{"footnotes":""},"categories":[18],"tags":[],"class_list":["post-1713","post","type-post","status-publish","format-standard","hentry","category-sem-categoria"],"jetpack_featured_media_url":"","_links":{"self":[{"href":"https:\/\/wp.ufpel.edu.br\/terapiaocupacional\/wp-json\/wp\/v2\/posts\/1713","targetHints":{"allow":["GET"]}}],"collection":[{"href":"https:\/\/wp.ufpel.edu.br\/terapiaocupacional\/wp-json\/wp\/v2\/posts"}],"about":[{"href":"https:\/\/wp.ufpel.edu.br\/terapiaocupacional\/wp-json\/wp\/v2\/types\/post"}],"author":[{"embeddable":true,"href":"https:\/\/wp.ufpel.edu.br\/terapiaocupacional\/wp-json\/wp\/v2\/users\/189"}],"replies":[{"embeddable":true,"href":"https:\/\/wp.ufpel.edu.br\/terapiaocupacional\/wp-json\/wp\/v2\/comments?post=1713"}],"version-history":[{"count":2,"href":"https:\/\/wp.ufpel.edu.br\/terapiaocupacional\/wp-json\/wp\/v2\/posts\/1713\/revisions"}],"predecessor-version":[{"id":1716,"href":"https:\/\/wp.ufpel.edu.br\/terapiaocupacional\/wp-json\/wp\/v2\/posts\/1713\/revisions\/1716"}],"wp:attachment":[{"href":"https:\/\/wp.ufpel.edu.br\/terapiaocupacional\/wp-json\/wp\/v2\/media?parent=1713"}],"wp:term":[{"taxonomy":"category","embeddable":true,"href":"https:\/\/wp.ufpel.edu.br\/terapiaocupacional\/wp-json\/wp\/v2\/categories?post=1713"},{"taxonomy":"post_tag","embeddable":true,"href":"https:\/\/wp.ufpel.edu.br\/terapiaocupacional\/wp-json\/wp\/v2\/tags?post=1713"}],"curies":[{"name":"wp","href":"https:\/\/api.w.org\/{rel}","templated":true}]}}