{"id":166,"date":"2012-11-23T22:50:03","date_gmt":"2012-11-24T00:50:03","guid":{"rendered":"https:\/\/wp.ufpel.edu.br\/terapiaocupacional\/?p=166"},"modified":"2012-11-23T22:50:03","modified_gmt":"2012-11-24T00:50:03","slug":"memoria-e-envelhecimento","status":"publish","type":"post","link":"https:\/\/wp.ufpel.edu.br\/terapiaocupacional\/2012\/11\/23\/memoria-e-envelhecimento\/","title":{"rendered":"Mem\u00f3ria e Envelhecimento"},"content":{"rendered":"<p>A prof. Zayanna C. Lopes Lind\u00f4so participar\u00e1 do Encontro dos Aposentados do Judici\u00e1rio Paranaense que acontecer\u00e1 nos dias 5 e 6 de dezembro em Curitiba ministrando palestra sobre Mem\u00f3ria e Envelhecimento.<\/p>\n","protected":false},"excerpt":{"rendered":"<p>A prof. Zayanna C. Lopes Lind\u00f4so participar\u00e1 do Encontro dos Aposentados do Judici\u00e1rio Paranaense que acontecer\u00e1 nos dias 5 e 6 de dezembro em Curitiba ministrando palestra sobre Mem\u00f3ria e Envelhecimento.<\/p>\n","protected":false},"author":189,"featured_media":0,"comment_status":"closed","ping_status":"closed","sticky":false,"template":"","format":"standard","meta":{"footnotes":""},"categories":[18],"tags":[4],"class_list":["post-166","post","type-post","status-publish","format-standard","hentry","category-sem-categoria","tag-noticias"],"jetpack_featured_media_url":"","_links":{"self":[{"href":"https:\/\/wp.ufpel.edu.br\/terapiaocupacional\/wp-json\/wp\/v2\/posts\/166","targetHints":{"allow":["GET"]}}],"collection":[{"href":"https:\/\/wp.ufpel.edu.br\/terapiaocupacional\/wp-json\/wp\/v2\/posts"}],"about":[{"href":"https:\/\/wp.ufpel.edu.br\/terapiaocupacional\/wp-json\/wp\/v2\/types\/post"}],"author":[{"embeddable":true,"href":"https:\/\/wp.ufpel.edu.br\/terapiaocupacional\/wp-json\/wp\/v2\/users\/189"}],"replies":[{"embeddable":true,"href":"https:\/\/wp.ufpel.edu.br\/terapiaocupacional\/wp-json\/wp\/v2\/comments?post=166"}],"version-history":[{"count":1,"href":"https:\/\/wp.ufpel.edu.br\/terapiaocupacional\/wp-json\/wp\/v2\/posts\/166\/revisions"}],"predecessor-version":[{"id":167,"href":"https:\/\/wp.ufpel.edu.br\/terapiaocupacional\/wp-json\/wp\/v2\/posts\/166\/revisions\/167"}],"wp:attachment":[{"href":"https:\/\/wp.ufpel.edu.br\/terapiaocupacional\/wp-json\/wp\/v2\/media?parent=166"}],"wp:term":[{"taxonomy":"category","embeddable":true,"href":"https:\/\/wp.ufpel.edu.br\/terapiaocupacional\/wp-json\/wp\/v2\/categories?post=166"},{"taxonomy":"post_tag","embeddable":true,"href":"https:\/\/wp.ufpel.edu.br\/terapiaocupacional\/wp-json\/wp\/v2\/tags?post=166"}],"curies":[{"name":"wp","href":"https:\/\/api.w.org\/{rel}","templated":true}]}}