{"id":1624,"date":"2023-09-17T21:20:54","date_gmt":"2023-09-18T00:20:54","guid":{"rendered":"https:\/\/wp.ufpel.edu.br\/terapiaocupacional\/?p=1624"},"modified":"2023-09-17T21:20:54","modified_gmt":"2023-09-18T00:20:54","slug":"despatologiza","status":"publish","type":"post","link":"https:\/\/wp.ufpel.edu.br\/terapiaocupacional\/2023\/09\/17\/despatologiza\/","title":{"rendered":"DESPATOLOGIZA"},"content":{"rendered":"<p><a href=\"https:\/\/wp.ufpel.edu.br\/terapiaocupacional\/files\/2023\/09\/WhatsApp-Image-2023-09-17-at-21.13.59.jpeg\"><img class=\"alignnone  wp-image-1625\" src=\"https:\/\/wp.ufpel.edu.br\/terapiaocupacional\/files\/2023\/09\/WhatsApp-Image-2023-09-17-at-21.13.59-400x300.jpeg\" alt=\"\" width=\"448\" height=\"336\" srcset=\"https:\/\/wp.ufpel.edu.br\/terapiaocupacional\/files\/2023\/09\/WhatsApp-Image-2023-09-17-at-21.13.59-400x300.jpeg 400w, https:\/\/wp.ufpel.edu.br\/terapiaocupacional\/files\/2023\/09\/WhatsApp-Image-2023-09-17-at-21.13.59-768x576.jpeg 768w, https:\/\/wp.ufpel.edu.br\/terapiaocupacional\/files\/2023\/09\/WhatsApp-Image-2023-09-17-at-21.13.59.jpeg 1024w\" sizes=\"(max-width: 448px) 100vw, 448px\" \/><\/a><\/p>\n<p>Vivemos uma epidemia de transtornos. Nos tempos atuais, cada vez mais pessoas recebem diagn\u00f3sticos de transtorno(s) mental(is) e recebem prescri\u00e7\u00f5es de subst\u00e2ncias psicoativas, em associa\u00e7\u00f5es m\u00faltiplas e doses crescentes, com pobres resultados.<br \/>\nVivemos tempos em que processos patologizantes crescentes transformam problemas coletivos em individuais, problemas s\u00f3cio-pol\u00edticos em biol\u00f3gicos, inatos. Em paralelo, constroem dados de preval\u00eancia que impedem a formula\u00e7\u00e3o e implementa\u00e7\u00e3o de pol\u00edticas p\u00fablicas voltadas \u00e0 aten\u00e7\u00e3o das necessidades das pessoas com problemas reais.<br \/>\nPara conversar conosco sobre essa epidemia (de transtornos ou de diagn\u00f3sticos de transtornos??) o Despatologiza convidou 3 profissionais reconhecidos por suas experi\u00eancias e reflex\u00f5es sobre o tema: B\u00e1rbara Costa Andrada, psic\u00f3loga, Dra em Sa\u00fade Coletiva, pesquisadora do NUPPSAM\/IPUB\/UFRJ e militante do Despatologiza; Maria Aparecida Moys\u00e9s, pediatra, Prof.a Titular de Pediatria na UNICAMP e militante do Despatologiza; Rossano Cabral Lima, psiquiatra, Prof. Associado no Instituto de Medicina Social\/ UERJ e pesquisador da Rede Nacional de Pesquisas em Sa\u00fade Mental de Crian\u00e7as e Adolescentes.<br \/>\n<strong>Ser\u00e1 no pr\u00f3ximo dia 28 de setembro, \u00e0s 19h00, transmitido pelo Canal do Despatologiza no YouTube. Esperamos voc\u00eas!<\/strong><\/p>\n","protected":false},"excerpt":{"rendered":"<p>Vivemos uma epidemia de transtornos. Nos tempos atuais, cada vez mais pessoas recebem diagn\u00f3sticos de transtorno(s) mental(is) e recebem prescri\u00e7\u00f5es de subst\u00e2ncias psicoativas, em associa\u00e7\u00f5es m\u00faltiplas e doses crescentes, com pobres resultados. Vivemos tempos em que processos patologizantes crescentes transformam problemas coletivos em individuais, problemas s\u00f3cio-pol\u00edticos em biol\u00f3gicos, inatos. Em paralelo, constroem dados de preval\u00eancia [&hellip;]<\/p>\n","protected":false},"author":189,"featured_media":0,"comment_status":"closed","ping_status":"closed","sticky":false,"template":"","format":"standard","meta":{"footnotes":""},"categories":[18],"tags":[],"class_list":["post-1624","post","type-post","status-publish","format-standard","hentry","category-sem-categoria"],"jetpack_featured_media_url":"","_links":{"self":[{"href":"https:\/\/wp.ufpel.edu.br\/terapiaocupacional\/wp-json\/wp\/v2\/posts\/1624","targetHints":{"allow":["GET"]}}],"collection":[{"href":"https:\/\/wp.ufpel.edu.br\/terapiaocupacional\/wp-json\/wp\/v2\/posts"}],"about":[{"href":"https:\/\/wp.ufpel.edu.br\/terapiaocupacional\/wp-json\/wp\/v2\/types\/post"}],"author":[{"embeddable":true,"href":"https:\/\/wp.ufpel.edu.br\/terapiaocupacional\/wp-json\/wp\/v2\/users\/189"}],"replies":[{"embeddable":true,"href":"https:\/\/wp.ufpel.edu.br\/terapiaocupacional\/wp-json\/wp\/v2\/comments?post=1624"}],"version-history":[{"count":3,"href":"https:\/\/wp.ufpel.edu.br\/terapiaocupacional\/wp-json\/wp\/v2\/posts\/1624\/revisions"}],"predecessor-version":[{"id":1628,"href":"https:\/\/wp.ufpel.edu.br\/terapiaocupacional\/wp-json\/wp\/v2\/posts\/1624\/revisions\/1628"}],"wp:attachment":[{"href":"https:\/\/wp.ufpel.edu.br\/terapiaocupacional\/wp-json\/wp\/v2\/media?parent=1624"}],"wp:term":[{"taxonomy":"category","embeddable":true,"href":"https:\/\/wp.ufpel.edu.br\/terapiaocupacional\/wp-json\/wp\/v2\/categories?post=1624"},{"taxonomy":"post_tag","embeddable":true,"href":"https:\/\/wp.ufpel.edu.br\/terapiaocupacional\/wp-json\/wp\/v2\/tags?post=1624"}],"curies":[{"name":"wp","href":"https:\/\/api.w.org\/{rel}","templated":true}]}}