{"id":1588,"date":"2023-09-12T11:19:39","date_gmt":"2023-09-12T14:19:39","guid":{"rendered":"https:\/\/wp.ufpel.edu.br\/terapiaocupacional\/?p=1588"},"modified":"2023-09-12T11:20:37","modified_gmt":"2023-09-12T14:20:37","slug":"1588","status":"publish","type":"post","link":"https:\/\/wp.ufpel.edu.br\/terapiaocupacional\/2023\/09\/12\/1588\/","title":{"rendered":"UFPel suspende atividades a partir das 14h de ter\u00e7a-feira (12\/09\/2023)"},"content":{"rendered":"<p><a href=\"https:\/\/wp.ufpel.edu.br\/terapiaocupacional\/files\/2023\/09\/IMG-20230912-WA0018.jpg\"><img class=\"alignnone wp-image-1589\" src=\"https:\/\/wp.ufpel.edu.br\/terapiaocupacional\/files\/2023\/09\/IMG-20230912-WA0018-400x385.jpg\" alt=\"\" width=\"446\" height=\"429\" srcset=\"https:\/\/wp.ufpel.edu.br\/terapiaocupacional\/files\/2023\/09\/IMG-20230912-WA0018-400x385.jpg 400w, https:\/\/wp.ufpel.edu.br\/terapiaocupacional\/files\/2023\/09\/IMG-20230912-WA0018.jpg 487w\" sizes=\"(max-width: 446px) 100vw, 446px\" \/><\/a><\/p>\n<p>Maiores informa\u00e7\u00f5es: <a href=\"https:\/\/ccs2.ufpel.edu.br\/wp\/2023\/09\/12\/ufpel-suspende-atividades-a-partir-das-14h-de-terca-feira-12\/\">Coordena\u00e7\u00e3o de Comunica\u00e7\u00e3o Social \u00bb UFPel suspende atividades a partir das 14h de ter\u00e7a-feira (12)<\/a><\/p>\n","protected":false},"excerpt":{"rendered":"<p>Maiores informa\u00e7\u00f5es: Coordena\u00e7\u00e3o de Comunica\u00e7\u00e3o Social \u00bb UFPel suspende atividades a partir das 14h de ter\u00e7a-feira (12)<\/p>\n","protected":false},"author":189,"featured_media":0,"comment_status":"closed","ping_status":"closed","sticky":false,"template":"","format":"standard","meta":{"footnotes":""},"categories":[18],"tags":[],"class_list":["post-1588","post","type-post","status-publish","format-standard","hentry","category-sem-categoria"],"jetpack_featured_media_url":"","_links":{"self":[{"href":"https:\/\/wp.ufpel.edu.br\/terapiaocupacional\/wp-json\/wp\/v2\/posts\/1588","targetHints":{"allow":["GET"]}}],"collection":[{"href":"https:\/\/wp.ufpel.edu.br\/terapiaocupacional\/wp-json\/wp\/v2\/posts"}],"about":[{"href":"https:\/\/wp.ufpel.edu.br\/terapiaocupacional\/wp-json\/wp\/v2\/types\/post"}],"author":[{"embeddable":true,"href":"https:\/\/wp.ufpel.edu.br\/terapiaocupacional\/wp-json\/wp\/v2\/users\/189"}],"replies":[{"embeddable":true,"href":"https:\/\/wp.ufpel.edu.br\/terapiaocupacional\/wp-json\/wp\/v2\/comments?post=1588"}],"version-history":[{"count":4,"href":"https:\/\/wp.ufpel.edu.br\/terapiaocupacional\/wp-json\/wp\/v2\/posts\/1588\/revisions"}],"predecessor-version":[{"id":1594,"href":"https:\/\/wp.ufpel.edu.br\/terapiaocupacional\/wp-json\/wp\/v2\/posts\/1588\/revisions\/1594"}],"wp:attachment":[{"href":"https:\/\/wp.ufpel.edu.br\/terapiaocupacional\/wp-json\/wp\/v2\/media?parent=1588"}],"wp:term":[{"taxonomy":"category","embeddable":true,"href":"https:\/\/wp.ufpel.edu.br\/terapiaocupacional\/wp-json\/wp\/v2\/categories?post=1588"},{"taxonomy":"post_tag","embeddable":true,"href":"https:\/\/wp.ufpel.edu.br\/terapiaocupacional\/wp-json\/wp\/v2\/tags?post=1588"}],"curies":[{"name":"wp","href":"https:\/\/api.w.org\/{rel}","templated":true}]}}