{"id":149,"date":"2012-11-23T22:26:02","date_gmt":"2012-11-24T00:26:02","guid":{"rendered":"https:\/\/wp.ufpel.edu.br\/terapiaocupacional\/?p=149"},"modified":"2012-11-23T22:36:38","modified_gmt":"2012-11-24T00:36:38","slug":"149","status":"publish","type":"post","link":"https:\/\/wp.ufpel.edu.br\/terapiaocupacional\/2012\/11\/23\/149\/","title":{"rendered":"Projeto Vida em Movimento MO.VIDA"},"content":{"rendered":"<p>Prof. Larissa Dall\u2019 Agnol da Silva escreveu projeto Vida em Movimento &#8211; MO.VIDA para o curso de Terapia Ocupacional no Edital n\u00ba 12\/2012 Vivajovem.com do ONODC.<br \/>\nO projeto \u00e9 voltado ao tema crack, \u00e1lcool e outras drogas para contemplar adolescentes e jovens de comunidades no valor de 100 mil reais. O projeto foi classificado e aguarda retorno do recurso. Se aprovado contar\u00e1 com o apoio da Prof. Camilla Oleiro na coordena\u00e7\u00e3o do MO.VIDA.<br \/>\nNa torcida at\u00e9 dia 21 de novembro de 2012.<br \/>\nAcompanhe no site: <\/p>\n<p><a href=\"http:\/\/www.unodc.org\/southerncone\/pt\/frontpage\/2012\/11\/nota-sobre-edital-n-12-2012-vivajovem.com-convocacao-dos-proponentes-pre-selecionados.html\">http:\/\/www.unodc.org\/southerncone\/pt\/frontpage\/2012\/11\/nota-sobre-edital-n-12-2012-vivajovem.com-convocacao-dos-proponentes-pre-selecionados.html<\/a><\/p>\n","protected":false},"excerpt":{"rendered":"<p>Prof. Larissa Dall\u2019 Agnol da Silva escreveu projeto Vida em Movimento &#8211; MO.VIDA para o curso de Terapia Ocupacional no Edital n\u00ba 12\/2012 Vivajovem.com do ONODC. O projeto \u00e9 voltado ao tema crack, \u00e1lcool e outras drogas para contemplar adolescentes e jovens de comunidades no valor de 100 mil reais. O projeto foi classificado e [&hellip;]<\/p>\n","protected":false},"author":189,"featured_media":0,"comment_status":"closed","ping_status":"closed","sticky":false,"template":"","format":"standard","meta":{"footnotes":""},"categories":[18],"tags":[28840],"class_list":["post-149","post","type-post","status-publish","format-standard","hentry","category-sem-categoria","tag-projeto"],"jetpack_featured_media_url":"","_links":{"self":[{"href":"https:\/\/wp.ufpel.edu.br\/terapiaocupacional\/wp-json\/wp\/v2\/posts\/149","targetHints":{"allow":["GET"]}}],"collection":[{"href":"https:\/\/wp.ufpel.edu.br\/terapiaocupacional\/wp-json\/wp\/v2\/posts"}],"about":[{"href":"https:\/\/wp.ufpel.edu.br\/terapiaocupacional\/wp-json\/wp\/v2\/types\/post"}],"author":[{"embeddable":true,"href":"https:\/\/wp.ufpel.edu.br\/terapiaocupacional\/wp-json\/wp\/v2\/users\/189"}],"replies":[{"embeddable":true,"href":"https:\/\/wp.ufpel.edu.br\/terapiaocupacional\/wp-json\/wp\/v2\/comments?post=149"}],"version-history":[{"count":3,"href":"https:\/\/wp.ufpel.edu.br\/terapiaocupacional\/wp-json\/wp\/v2\/posts\/149\/revisions"}],"predecessor-version":[{"id":160,"href":"https:\/\/wp.ufpel.edu.br\/terapiaocupacional\/wp-json\/wp\/v2\/posts\/149\/revisions\/160"}],"wp:attachment":[{"href":"https:\/\/wp.ufpel.edu.br\/terapiaocupacional\/wp-json\/wp\/v2\/media?parent=149"}],"wp:term":[{"taxonomy":"category","embeddable":true,"href":"https:\/\/wp.ufpel.edu.br\/terapiaocupacional\/wp-json\/wp\/v2\/categories?post=149"},{"taxonomy":"post_tag","embeddable":true,"href":"https:\/\/wp.ufpel.edu.br\/terapiaocupacional\/wp-json\/wp\/v2\/tags?post=149"}],"curies":[{"name":"wp","href":"https:\/\/api.w.org\/{rel}","templated":true}]}}