{"id":1461,"date":"2023-07-07T15:39:22","date_gmt":"2023-07-07T18:39:22","guid":{"rendered":"https:\/\/wp.ufpel.edu.br\/terapiaocupacional\/?p=1461"},"modified":"2023-07-07T15:45:55","modified_gmt":"2023-07-07T18:45:55","slug":"edital-de-monitoria-com-bolsa-desenv-motor-cinesio-ii-e-cinesioterapia","status":"publish","type":"post","link":"https:\/\/wp.ufpel.edu.br\/terapiaocupacional\/2023\/07\/07\/edital-de-monitoria-com-bolsa-desenv-motor-cinesio-ii-e-cinesioterapia\/","title":{"rendered":"Edital de monitoria com bolsa &#8211; Desenv. Motor, Cinesio II e Cinesioterapia"},"content":{"rendered":"<h2><strong>Est\u00e3o abertas as inscri\u00e7\u00f5es para monitoria remunerada por bolsa (ampla concorr\u00eancia).<\/strong><\/h2>\n<p><strong>Componentes curriculares:<\/strong> Desenvolvimento Motor, Cinesiologia II e Cinesioterapia<\/p>\n<p><strong>Docente respons\u00e1vel:<\/strong> Profa. Dra. Cynthia Girundi<\/p>\n<p><strong>Acesso ao edital com maiores informa\u00e7\u00f5es no link:\u00a0<\/strong><a href=\"https:\/\/wp.ufpel.edu.br\/terapiaocupacional\/files\/2023\/07\/Monitoria-2023.1-Des.-motor-Cinesio-Cinesioterapia.pdf\">Monitoria 2023.1 &#8211; Des. motor, Cinesio, Cinesioterapia<\/a><\/p>\n","protected":false},"excerpt":{"rendered":"<p>Est\u00e3o abertas as inscri\u00e7\u00f5es para monitoria remunerada por bolsa (ampla concorr\u00eancia). Componentes curriculares: Desenvolvimento Motor, Cinesiologia II e Cinesioterapia Docente respons\u00e1vel: Profa. Dra. Cynthia Girundi Acesso ao edital com maiores informa\u00e7\u00f5es no link:\u00a0Monitoria 2023.1 &#8211; Des. motor, Cinesio, Cinesioterapia<\/p>\n","protected":false},"author":189,"featured_media":0,"comment_status":"closed","ping_status":"closed","sticky":false,"template":"","format":"standard","meta":{"footnotes":""},"categories":[18],"tags":[],"class_list":["post-1461","post","type-post","status-publish","format-standard","hentry","category-sem-categoria"],"jetpack_featured_media_url":"","_links":{"self":[{"href":"https:\/\/wp.ufpel.edu.br\/terapiaocupacional\/wp-json\/wp\/v2\/posts\/1461","targetHints":{"allow":["GET"]}}],"collection":[{"href":"https:\/\/wp.ufpel.edu.br\/terapiaocupacional\/wp-json\/wp\/v2\/posts"}],"about":[{"href":"https:\/\/wp.ufpel.edu.br\/terapiaocupacional\/wp-json\/wp\/v2\/types\/post"}],"author":[{"embeddable":true,"href":"https:\/\/wp.ufpel.edu.br\/terapiaocupacional\/wp-json\/wp\/v2\/users\/189"}],"replies":[{"embeddable":true,"href":"https:\/\/wp.ufpel.edu.br\/terapiaocupacional\/wp-json\/wp\/v2\/comments?post=1461"}],"version-history":[{"count":2,"href":"https:\/\/wp.ufpel.edu.br\/terapiaocupacional\/wp-json\/wp\/v2\/posts\/1461\/revisions"}],"predecessor-version":[{"id":1465,"href":"https:\/\/wp.ufpel.edu.br\/terapiaocupacional\/wp-json\/wp\/v2\/posts\/1461\/revisions\/1465"}],"wp:attachment":[{"href":"https:\/\/wp.ufpel.edu.br\/terapiaocupacional\/wp-json\/wp\/v2\/media?parent=1461"}],"wp:term":[{"taxonomy":"category","embeddable":true,"href":"https:\/\/wp.ufpel.edu.br\/terapiaocupacional\/wp-json\/wp\/v2\/categories?post=1461"},{"taxonomy":"post_tag","embeddable":true,"href":"https:\/\/wp.ufpel.edu.br\/terapiaocupacional\/wp-json\/wp\/v2\/tags?post=1461"}],"curies":[{"name":"wp","href":"https:\/\/api.w.org\/{rel}","templated":true}]}}