{"id":143,"date":"2012-11-23T22:21:58","date_gmt":"2012-11-24T00:21:58","guid":{"rendered":"https:\/\/wp.ufpel.edu.br\/terapiaocupacional\/?p=143"},"modified":"2012-11-23T22:21:58","modified_gmt":"2012-11-24T00:21:58","slug":"premio-destaque","status":"publish","type":"post","link":"https:\/\/wp.ufpel.edu.br\/terapiaocupacional\/2012\/11\/23\/premio-destaque\/","title":{"rendered":"Pr\u00eamio Destaque"},"content":{"rendered":"<p>A prof. Carolina Py de Castro e a aluna Luana Ribeiro Henrique receberam pr\u00eamio de Destaque do VII Sal\u00e3o de Inicia\u00e7\u00e3o Cient\u00edfica do IPA pela apresenta\u00e7\u00e3o do trabalho \u201cMobili\u00e1rios adaptados em PVC na melhora da capacidade funcional de pacientes com Paralisia Cerebral Dipar\u00e9tica Esp\u00e1stica. <\/p>\n","protected":false},"excerpt":{"rendered":"<p>A prof. Carolina Py de Castro e a aluna Luana Ribeiro Henrique receberam pr\u00eamio de Destaque do VII Sal\u00e3o de Inicia\u00e7\u00e3o Cient\u00edfica do IPA pela apresenta\u00e7\u00e3o do trabalho \u201cMobili\u00e1rios adaptados em PVC na melhora da capacidade funcional de pacientes com Paralisia Cerebral Dipar\u00e9tica Esp\u00e1stica.<\/p>\n","protected":false},"author":189,"featured_media":0,"comment_status":"closed","ping_status":"closed","sticky":false,"template":"","format":"standard","meta":{"footnotes":""},"categories":[18],"tags":[4,28838],"class_list":["post-143","post","type-post","status-publish","format-standard","hentry","category-sem-categoria","tag-noticias","tag-premiacao"],"jetpack_featured_media_url":"","_links":{"self":[{"href":"https:\/\/wp.ufpel.edu.br\/terapiaocupacional\/wp-json\/wp\/v2\/posts\/143","targetHints":{"allow":["GET"]}}],"collection":[{"href":"https:\/\/wp.ufpel.edu.br\/terapiaocupacional\/wp-json\/wp\/v2\/posts"}],"about":[{"href":"https:\/\/wp.ufpel.edu.br\/terapiaocupacional\/wp-json\/wp\/v2\/types\/post"}],"author":[{"embeddable":true,"href":"https:\/\/wp.ufpel.edu.br\/terapiaocupacional\/wp-json\/wp\/v2\/users\/189"}],"replies":[{"embeddable":true,"href":"https:\/\/wp.ufpel.edu.br\/terapiaocupacional\/wp-json\/wp\/v2\/comments?post=143"}],"version-history":[{"count":1,"href":"https:\/\/wp.ufpel.edu.br\/terapiaocupacional\/wp-json\/wp\/v2\/posts\/143\/revisions"}],"predecessor-version":[{"id":144,"href":"https:\/\/wp.ufpel.edu.br\/terapiaocupacional\/wp-json\/wp\/v2\/posts\/143\/revisions\/144"}],"wp:attachment":[{"href":"https:\/\/wp.ufpel.edu.br\/terapiaocupacional\/wp-json\/wp\/v2\/media?parent=143"}],"wp:term":[{"taxonomy":"category","embeddable":true,"href":"https:\/\/wp.ufpel.edu.br\/terapiaocupacional\/wp-json\/wp\/v2\/categories?post=143"},{"taxonomy":"post_tag","embeddable":true,"href":"https:\/\/wp.ufpel.edu.br\/terapiaocupacional\/wp-json\/wp\/v2\/tags?post=143"}],"curies":[{"name":"wp","href":"https:\/\/api.w.org\/{rel}","templated":true}]}}