{"id":132,"date":"2012-11-19T23:49:42","date_gmt":"2012-11-20T01:49:42","guid":{"rendered":"https:\/\/wp.ufpel.edu.br\/terapiaocupacional\/?p=132"},"modified":"2012-11-19T23:49:42","modified_gmt":"2012-11-20T01:49:42","slug":"selecao-para-voluntarios-em-projeto-de-extensao-pet-terapia","status":"publish","type":"post","link":"https:\/\/wp.ufpel.edu.br\/terapiaocupacional\/2012\/11\/19\/selecao-para-voluntarios-em-projeto-de-extensao-pet-terapia\/","title":{"rendered":"Sele\u00e7\u00e3o para Volunt\u00e1rios em Projeto de Extens\u00e3o Pet-terapia"},"content":{"rendered":"<p>Est\u00e1 aberta sele\u00e7\u00e3o de alunos volunt\u00e1rios para inser\u00e7\u00e3o no projeto de Extens\u00e3o da Pet-terapia.<br \/>\nPara maiores informa\u00e7\u00f5es consultar edital de sele\u00e7\u00e3o:<\/p>\n<p><a href='https:\/\/wp.ufpel.edu.br\/terapiaocupacional\/files\/2012\/11\/SELE\u00c7\u00c3O-PARA-ESTUDANTE-VOLUNT\u00c1RIO-DO-CURSO-DE-GRADUA\u00c7\u00c3O-EM-TERAPIA-OCUPACIONAL-PARA-PROJETO-PET-TERAPIA.pdf'>SELE\u00c7\u00c3O PARA ESTUDANTE VOLUNT\u00c1RIO DO CURSO DE GRADUA\u00c7\u00c3O EM TERAPIA OCUPACIONAL PARA PROJETO PET-TERAPIA<\/a><\/p>\n","protected":false},"excerpt":{"rendered":"<p>Est\u00e1 aberta sele\u00e7\u00e3o de alunos volunt\u00e1rios para inser\u00e7\u00e3o no projeto de Extens\u00e3o da Pet-terapia. Para maiores informa\u00e7\u00f5es consultar edital de sele\u00e7\u00e3o: SELE\u00c7\u00c3O PARA ESTUDANTE VOLUNT\u00c1RIO DO CURSO DE GRADUA\u00c7\u00c3O EM TERAPIA OCUPACIONAL PARA PROJETO PET-TERAPIA<\/p>\n","protected":false},"author":189,"featured_media":0,"comment_status":"closed","ping_status":"closed","sticky":false,"template":"","format":"standard","meta":{"footnotes":""},"categories":[18],"tags":[],"class_list":["post-132","post","type-post","status-publish","format-standard","hentry","category-sem-categoria"],"jetpack_featured_media_url":"","_links":{"self":[{"href":"https:\/\/wp.ufpel.edu.br\/terapiaocupacional\/wp-json\/wp\/v2\/posts\/132","targetHints":{"allow":["GET"]}}],"collection":[{"href":"https:\/\/wp.ufpel.edu.br\/terapiaocupacional\/wp-json\/wp\/v2\/posts"}],"about":[{"href":"https:\/\/wp.ufpel.edu.br\/terapiaocupacional\/wp-json\/wp\/v2\/types\/post"}],"author":[{"embeddable":true,"href":"https:\/\/wp.ufpel.edu.br\/terapiaocupacional\/wp-json\/wp\/v2\/users\/189"}],"replies":[{"embeddable":true,"href":"https:\/\/wp.ufpel.edu.br\/terapiaocupacional\/wp-json\/wp\/v2\/comments?post=132"}],"version-history":[{"count":2,"href":"https:\/\/wp.ufpel.edu.br\/terapiaocupacional\/wp-json\/wp\/v2\/posts\/132\/revisions"}],"predecessor-version":[{"id":135,"href":"https:\/\/wp.ufpel.edu.br\/terapiaocupacional\/wp-json\/wp\/v2\/posts\/132\/revisions\/135"}],"wp:attachment":[{"href":"https:\/\/wp.ufpel.edu.br\/terapiaocupacional\/wp-json\/wp\/v2\/media?parent=132"}],"wp:term":[{"taxonomy":"category","embeddable":true,"href":"https:\/\/wp.ufpel.edu.br\/terapiaocupacional\/wp-json\/wp\/v2\/categories?post=132"},{"taxonomy":"post_tag","embeddable":true,"href":"https:\/\/wp.ufpel.edu.br\/terapiaocupacional\/wp-json\/wp\/v2\/tags?post=132"}],"curies":[{"name":"wp","href":"https:\/\/api.w.org\/{rel}","templated":true}]}}