{"id":114,"date":"2012-11-13T03:07:32","date_gmt":"2012-11-13T05:07:32","guid":{"rendered":"https:\/\/wp.ufpel.edu.br\/terapiaocupacional\/?p=114"},"modified":"2012-11-13T03:10:28","modified_gmt":"2012-11-13T05:10:28","slug":"recepcao-dos-alunos","status":"publish","type":"post","link":"https:\/\/wp.ufpel.edu.br\/terapiaocupacional\/2012\/11\/13\/recepcao-dos-alunos\/","title":{"rendered":"Recep\u00e7\u00e3o dos Alunos"},"content":{"rendered":"<p>O Curso de Terapia Ocupacional da UFPel recepcionou os alunos ingressantes na terceira turma do curso, tendo como objetivo a intera\u00e7\u00e3o de veteranos e calouros.<\/p>\n<p>Onde foram feitas diversas atividades com os novos alunos. Dando a eles a responsabilidade do trote solid\u00e1rio, que est\u00e1 inclu\u00eddo doa\u00e7\u00e3o de sangue, arrecada\u00e7\u00e3o de alimentos n\u00e3o\u00a0perec\u00edvel\u00a0e brinquedos, para serem doados em institui\u00e7\u00f5es.<\/p>\n<p><a href=\"https:\/\/wp.ufpel.edu.br\/terapiaocupacional\/2012\/11\/13\/recepcao-dos-alunos\/44525_465675396809107_945023775_n-copia-3\/\" rel=\"attachment wp-att-119\"><img class=\"aligncenter size-medium wp-image-119\" src=\"https:\/\/wp.ufpel.edu.br\/terapiaocupacional\/files\/2012\/11\/44525_465675396809107_945023775_n-C\u00f3pia2-300x225.jpg\" alt=\"\" width=\"300\" height=\"225\" \/><\/a><\/p>\n","protected":false},"excerpt":{"rendered":"<p>O Curso de Terapia Ocupacional da UFPel recepcionou os alunos ingressantes na terceira turma do curso, tendo como objetivo a intera\u00e7\u00e3o de veteranos e calouros. Onde foram feitas diversas atividades com os novos alunos. Dando a eles a responsabilidade do trote solid\u00e1rio, que est\u00e1 inclu\u00eddo doa\u00e7\u00e3o de sangue, arrecada\u00e7\u00e3o de alimentos n\u00e3o\u00a0perec\u00edvel\u00a0e brinquedos, para serem [&hellip;]<\/p>\n","protected":false},"author":189,"featured_media":0,"comment_status":"closed","ping_status":"closed","sticky":false,"template":"","format":"standard","meta":{"footnotes":""},"categories":[18],"tags":[],"class_list":["post-114","post","type-post","status-publish","format-standard","hentry","category-sem-categoria"],"jetpack_featured_media_url":"","_links":{"self":[{"href":"https:\/\/wp.ufpel.edu.br\/terapiaocupacional\/wp-json\/wp\/v2\/posts\/114","targetHints":{"allow":["GET"]}}],"collection":[{"href":"https:\/\/wp.ufpel.edu.br\/terapiaocupacional\/wp-json\/wp\/v2\/posts"}],"about":[{"href":"https:\/\/wp.ufpel.edu.br\/terapiaocupacional\/wp-json\/wp\/v2\/types\/post"}],"author":[{"embeddable":true,"href":"https:\/\/wp.ufpel.edu.br\/terapiaocupacional\/wp-json\/wp\/v2\/users\/189"}],"replies":[{"embeddable":true,"href":"https:\/\/wp.ufpel.edu.br\/terapiaocupacional\/wp-json\/wp\/v2\/comments?post=114"}],"version-history":[{"count":3,"href":"https:\/\/wp.ufpel.edu.br\/terapiaocupacional\/wp-json\/wp\/v2\/posts\/114\/revisions"}],"predecessor-version":[{"id":117,"href":"https:\/\/wp.ufpel.edu.br\/terapiaocupacional\/wp-json\/wp\/v2\/posts\/114\/revisions\/117"}],"wp:attachment":[{"href":"https:\/\/wp.ufpel.edu.br\/terapiaocupacional\/wp-json\/wp\/v2\/media?parent=114"}],"wp:term":[{"taxonomy":"category","embeddable":true,"href":"https:\/\/wp.ufpel.edu.br\/terapiaocupacional\/wp-json\/wp\/v2\/categories?post=114"},{"taxonomy":"post_tag","embeddable":true,"href":"https:\/\/wp.ufpel.edu.br\/terapiaocupacional\/wp-json\/wp\/v2\/tags?post=114"}],"curies":[{"name":"wp","href":"https:\/\/api.w.org\/{rel}","templated":true}]}}