{"id":105,"date":"2012-11-13T02:28:59","date_gmt":"2012-11-13T04:28:59","guid":{"rendered":"https:\/\/wp.ufpel.edu.br\/terapiaocupacional\/?p=105"},"modified":"2012-11-13T02:29:23","modified_gmt":"2012-11-13T04:29:23","slug":"curso-de-equoterapia","status":"publish","type":"post","link":"https:\/\/wp.ufpel.edu.br\/terapiaocupacional\/2012\/11\/13\/curso-de-equoterapia\/","title":{"rendered":"Curso de Equoterapia"},"content":{"rendered":"<p>Aconteceu no ultimo s\u00e1bado, 10 de novembro, na Associa\u00e7\u00e3o Rural de Pelotas, o curso de informa\u00e7\u00f5es t\u00e9cnicos-cient\u00edficos\u00a0em Equoterapia.<\/p>\n<p>O curso foi ministrado pelo Prof. Esp. Victor Edgar Pitzer Neto, tendo como objetivo proporcionar conhecimento te\u00f3rico e pr\u00e1tica sobre a t\u00e9cnica de Equoterapia com os alunos do Curso de Terapia Ocupacional da UFPEL.<\/p>\n<p><a href=\"https:\/\/wp.ufpel.edu.br\/terapiaocupacional\/files\/2012\/11\/equoterapia2.jpg\"><img class=\"aligncenter size-medium wp-image-110\" src=\"https:\/\/wp.ufpel.edu.br\/terapiaocupacional\/files\/2012\/11\/equoterapia2-300x225.jpg\" alt=\"\" width=\"300\" height=\"225\" \/><\/a><\/p>\n","protected":false},"excerpt":{"rendered":"<p>Aconteceu no ultimo s\u00e1bado, 10 de novembro, na Associa\u00e7\u00e3o Rural de Pelotas, o curso de informa\u00e7\u00f5es t\u00e9cnicos-cient\u00edficos\u00a0em Equoterapia. O curso foi ministrado pelo Prof. Esp. Victor Edgar Pitzer Neto, tendo como objetivo proporcionar conhecimento te\u00f3rico e pr\u00e1tica sobre a t\u00e9cnica de Equoterapia com os alunos do Curso de Terapia Ocupacional da UFPEL.<\/p>\n","protected":false},"author":189,"featured_media":0,"comment_status":"closed","ping_status":"closed","sticky":false,"template":"","format":"standard","meta":{"footnotes":""},"categories":[18],"tags":[],"class_list":["post-105","post","type-post","status-publish","format-standard","hentry","category-sem-categoria"],"jetpack_featured_media_url":"","_links":{"self":[{"href":"https:\/\/wp.ufpel.edu.br\/terapiaocupacional\/wp-json\/wp\/v2\/posts\/105","targetHints":{"allow":["GET"]}}],"collection":[{"href":"https:\/\/wp.ufpel.edu.br\/terapiaocupacional\/wp-json\/wp\/v2\/posts"}],"about":[{"href":"https:\/\/wp.ufpel.edu.br\/terapiaocupacional\/wp-json\/wp\/v2\/types\/post"}],"author":[{"embeddable":true,"href":"https:\/\/wp.ufpel.edu.br\/terapiaocupacional\/wp-json\/wp\/v2\/users\/189"}],"replies":[{"embeddable":true,"href":"https:\/\/wp.ufpel.edu.br\/terapiaocupacional\/wp-json\/wp\/v2\/comments?post=105"}],"version-history":[{"count":5,"href":"https:\/\/wp.ufpel.edu.br\/terapiaocupacional\/wp-json\/wp\/v2\/posts\/105\/revisions"}],"predecessor-version":[{"id":113,"href":"https:\/\/wp.ufpel.edu.br\/terapiaocupacional\/wp-json\/wp\/v2\/posts\/105\/revisions\/113"}],"wp:attachment":[{"href":"https:\/\/wp.ufpel.edu.br\/terapiaocupacional\/wp-json\/wp\/v2\/media?parent=105"}],"wp:term":[{"taxonomy":"category","embeddable":true,"href":"https:\/\/wp.ufpel.edu.br\/terapiaocupacional\/wp-json\/wp\/v2\/categories?post=105"},{"taxonomy":"post_tag","embeddable":true,"href":"https:\/\/wp.ufpel.edu.br\/terapiaocupacional\/wp-json\/wp\/v2\/tags?post=105"}],"curies":[{"name":"wp","href":"https:\/\/api.w.org\/{rel}","templated":true}]}}