{"id":697,"date":"2024-07-04T20:50:23","date_gmt":"2024-07-04T23:50:23","guid":{"rendered":"https:\/\/wp.ufpel.edu.br\/tecsol\/?p=697"},"modified":"2024-07-08T15:40:18","modified_gmt":"2024-07-08T18:40:18","slug":"selecao-para-bolsistas-inscricoes-entre-8-e-15-de-julho","status":"publish","type":"post","link":"https:\/\/wp.ufpel.edu.br\/tecsol\/2024\/07\/04\/selecao-para-bolsistas-inscricoes-entre-8-e-15-de-julho\/","title":{"rendered":"Sele\u00e7\u00e3o para bolsistas: inscri\u00e7\u00f5es entre 8 e 15 de julho"},"content":{"rendered":"<p><img class=\"alignnone size-full wp-image-699\" src=\"https:\/\/wp.ufpel.edu.br\/tecsol\/files\/2024\/07\/e3bc4dad-2de2-46da-98eb-e62aebd8084f.jpeg\" alt=\"\" width=\"1040\" height=\"780\" srcset=\"https:\/\/wp.ufpel.edu.br\/tecsol\/files\/2024\/07\/e3bc4dad-2de2-46da-98eb-e62aebd8084f.jpeg 1040w, https:\/\/wp.ufpel.edu.br\/tecsol\/files\/2024\/07\/e3bc4dad-2de2-46da-98eb-e62aebd8084f-400x300.jpeg 400w, https:\/\/wp.ufpel.edu.br\/tecsol\/files\/2024\/07\/e3bc4dad-2de2-46da-98eb-e62aebd8084f-1024x768.jpeg 1024w, https:\/\/wp.ufpel.edu.br\/tecsol\/files\/2024\/07\/e3bc4dad-2de2-46da-98eb-e62aebd8084f-768x576.jpeg 768w\" sizes=\"(max-width: 1040px) 100vw, 1040px\" \/><\/p>\n<p><span style=\"color: #000000;\">O N\u00facleo Tecsol-UFPel vai selecionar bolsistas de extens\u00e3o para o desenvolvimento de a\u00e7\u00f5es de apoio \u00e0 economia solid\u00e1ria na regi\u00e3o, atrav\u00e9s do projeto &#8216;Incubadora Tecnol\u00f3gica de Empreendimentos Econ\u00f4micos Solid\u00e1rios&#8217;.<\/span><\/p>\n<p><span style=\"color: #000000;\">Contando com recursos oriundos de emenda parlamentar do Dep. Fed. Alexandre Lindenmeyer (PT-RS), a &#8216;Incubadora Tecsol&#8217; vai selecionar 3 (tr\u00eas) bolsistas, al\u00e9m de outras 6 (seis) vagas para volunt\u00e1rios\/as aspirantes \u00e0 bolsa. Embora existam cursos priorit\u00e1rios, podem se candidatar estudantes de todos os cursos de gradua\u00e7\u00e3o da UFPel. Atualmente, o Tecsol j\u00e1 conta com bolsistas (3) de dois cursos (design digital e rela\u00e7\u00f5es internacionais).<\/span><\/p>\n<p><span style=\"color: #000000;\">Todas as informa\u00e7\u00f5es, em detalhe, voc\u00ea encontra no Edital de Sele\u00e7\u00e3o. Se voc\u00ea est\u00e1 interessado \/ interessada, leia-o com aten\u00e7\u00e3o. Para acessar o Edital, <a style=\"color: #000000;\" href=\"https:\/\/wp.ufpel.edu.br\/tecsol\/files\/2024\/07\/edital-tecsol_02_2024-bolsistas.pdf\">clique aqui<\/a>. O link para o formul\u00e1rio de inscri\u00e7\u00e3o tamb\u00e9m est\u00e1 ali.<\/span><\/p>\n<p><span style=\"color: #000000;\">Que lhe parece? &#8216;Bora&#8217; construir uma economia mais justa, mais equ\u00e2nime e mais democr\u00e1tica?\u00a0\u00a0<\/span><\/p>\n<p>&nbsp;<\/p>\n","protected":false},"excerpt":{"rendered":"<p>O N\u00facleo Tecsol-UFPel vai selecionar bolsistas de extens\u00e3o para o desenvolvimento de a\u00e7\u00f5es de apoio \u00e0 economia solid\u00e1ria na regi\u00e3o, atrav\u00e9s do projeto &#8216;Incubadora Tecnol\u00f3gica de Empreendimentos Econ\u00f4micos Solid\u00e1rios&#8217;. Contando com recursos oriundos de emenda parlamentar do Dep. Fed. Alexandre Lindenmeyer (PT-RS), a &#8216;Incubadora Tecsol&#8217; vai selecionar 3 (tr\u00eas) bolsistas, al\u00e9m de outras 6 (seis) [&hellip;]<\/p>\n","protected":false},"author":433,"featured_media":0,"comment_status":"closed","ping_status":"closed","sticky":false,"template":"","format":"standard","meta":{"jetpack_post_was_ever_published":false,"_jetpack_newsletter_access":"","_jetpack_dont_email_post_to_subs":false,"_jetpack_newsletter_tier_id":0,"_jetpack_memberships_contains_paywalled_content":false,"_jetpack_memberships_contains_paid_content":false,"footnotes":"","jetpack_publicize_message":"","jetpack_publicize_feature_enabled":true,"jetpack_social_post_already_shared":true,"jetpack_social_options":{"image_generator_settings":{"template":"highway","default_image_id":0,"font":"","enabled":false},"version":2}},"categories":[18],"tags":[],"class_list":["post-697","post","type-post","status-publish","format-standard","hentry","category-sem-categoria"],"jetpack_publicize_connections":[],"jetpack_featured_media_url":"","jetpack_sharing_enabled":true,"jetpack_shortlink":"https:\/\/wp.me\/p4Za1Q-bf","_links":{"self":[{"href":"https:\/\/wp.ufpel.edu.br\/tecsol\/wp-json\/wp\/v2\/posts\/697","targetHints":{"allow":["GET"]}}],"collection":[{"href":"https:\/\/wp.ufpel.edu.br\/tecsol\/wp-json\/wp\/v2\/posts"}],"about":[{"href":"https:\/\/wp.ufpel.edu.br\/tecsol\/wp-json\/wp\/v2\/types\/post"}],"author":[{"embeddable":true,"href":"https:\/\/wp.ufpel.edu.br\/tecsol\/wp-json\/wp\/v2\/users\/433"}],"replies":[{"embeddable":true,"href":"https:\/\/wp.ufpel.edu.br\/tecsol\/wp-json\/wp\/v2\/comments?post=697"}],"version-history":[{"count":4,"href":"https:\/\/wp.ufpel.edu.br\/tecsol\/wp-json\/wp\/v2\/posts\/697\/revisions"}],"predecessor-version":[{"id":706,"href":"https:\/\/wp.ufpel.edu.br\/tecsol\/wp-json\/wp\/v2\/posts\/697\/revisions\/706"}],"wp:attachment":[{"href":"https:\/\/wp.ufpel.edu.br\/tecsol\/wp-json\/wp\/v2\/media?parent=697"}],"wp:term":[{"taxonomy":"category","embeddable":true,"href":"https:\/\/wp.ufpel.edu.br\/tecsol\/wp-json\/wp\/v2\/categories?post=697"},{"taxonomy":"post_tag","embeddable":true,"href":"https:\/\/wp.ufpel.edu.br\/tecsol\/wp-json\/wp\/v2\/tags?post=697"}],"curies":[{"name":"wp","href":"https:\/\/api.w.org\/{rel}","templated":true}]}}