{"id":447,"date":"2022-02-25T16:49:54","date_gmt":"2022-02-25T19:49:54","guid":{"rendered":"https:\/\/wp.ufpel.edu.br\/tecsol\/?p=447"},"modified":"2022-03-04T10:53:26","modified_gmt":"2022-03-04T13:53:26","slug":"esta-no-ar-a-revista-das-itcps","status":"publish","type":"post","link":"https:\/\/wp.ufpel.edu.br\/tecsol\/2022\/02\/25\/esta-no-ar-a-revista-das-itcps\/","title":{"rendered":"Est\u00e1 no ar a &#8216;Revista das ITCPs&#8217;"},"content":{"rendered":"<p><img class=\"alignnone size-full wp-image-451\" src=\"https:\/\/wp.ufpel.edu.br\/tecsol\/files\/2022\/02\/capa-revista-itcps-v1-n1.jpg\" alt=\"\" width=\"500\" height=\"707\" srcset=\"https:\/\/wp.ufpel.edu.br\/tecsol\/files\/2022\/02\/capa-revista-itcps-v1-n1.jpg 500w, https:\/\/wp.ufpel.edu.br\/tecsol\/files\/2022\/02\/capa-revista-itcps-v1-n1-283x400.jpg 283w\" sizes=\"(max-width: 500px) 100vw, 500px\" \/><\/p>\n<p><span style=\"color: #000000\">Est\u00e1 no ar o &#8216;Volume 1, N\u00famero 1&#8217; da Revista das ITCPs, a rec\u00e9m criada publica\u00e7\u00e3o acad\u00eamico-cient\u00edfica da Rede Universit\u00e1ria de Incubadoras Tecnol\u00f3gicas de Cooperativas Populares, da qual o Tecsol-UFPel \u00e9 membro associado, e da qual participam mais de 50 (cinquenta) outros programas de universidades brasileiras.<\/span><\/p>\n<p><span style=\"color: #000000\">A UFPel e o Tecsol t\u00eam a honra de abrigar a Revista na p\u00e1gina dos &#8216;Peri\u00f3dicos UFPel&#8217;, o que coloca nossa universidade na condi\u00e7\u00e3o de co-editora.<\/span><\/p>\n<p><span style=\"color: #000000\">O primeiro n\u00famero traz o &#8216;Dossi\u00ea V Congresso da Rede de ITCPs&#8217;, com artigos desenvolvidos a partir de trabalhos apresentados em 2019, no Rio de Janeiro, em comemora\u00e7\u00e3o aos 20 anos da Rede.<\/span><\/p>\n<p><span style=\"color: #000000\">Para acessar o conte\u00fado completo da revista, clique <a style=\"color: #000000\" href=\"https:\/\/periodicos.ufpel.edu.br\/ojs2\/index.php\/ITCP\">aqui.<\/a><\/span><\/p>\n","protected":false},"excerpt":{"rendered":"<p>Est\u00e1 no ar o &#8216;Volume 1, N\u00famero 1&#8217; da Revista das ITCPs, a rec\u00e9m criada publica\u00e7\u00e3o acad\u00eamico-cient\u00edfica da Rede Universit\u00e1ria de Incubadoras Tecnol\u00f3gicas de Cooperativas Populares, da qual o Tecsol-UFPel \u00e9 membro associado, e da qual participam mais de 50 (cinquenta) outros programas de universidades brasileiras. A UFPel e o Tecsol t\u00eam a honra de [&hellip;]<\/p>\n","protected":false},"author":433,"featured_media":0,"comment_status":"closed","ping_status":"closed","sticky":false,"template":"","format":"standard","meta":{"jetpack_post_was_ever_published":false,"_jetpack_newsletter_access":"","_jetpack_dont_email_post_to_subs":false,"_jetpack_newsletter_tier_id":0,"_jetpack_memberships_contains_paywalled_content":false,"_jetpack_memberships_contains_paid_content":false,"footnotes":"","jetpack_publicize_message":"","jetpack_publicize_feature_enabled":true,"jetpack_social_post_already_shared":true,"jetpack_social_options":{"image_generator_settings":{"template":"highway","default_image_id":0,"font":"","enabled":false},"version":2}},"categories":[18],"tags":[],"class_list":["post-447","post","type-post","status-publish","format-standard","hentry","category-sem-categoria"],"jetpack_publicize_connections":[],"jetpack_featured_media_url":"","jetpack_sharing_enabled":true,"jetpack_shortlink":"https:\/\/wp.me\/p4Za1Q-7d","_links":{"self":[{"href":"https:\/\/wp.ufpel.edu.br\/tecsol\/wp-json\/wp\/v2\/posts\/447","targetHints":{"allow":["GET"]}}],"collection":[{"href":"https:\/\/wp.ufpel.edu.br\/tecsol\/wp-json\/wp\/v2\/posts"}],"about":[{"href":"https:\/\/wp.ufpel.edu.br\/tecsol\/wp-json\/wp\/v2\/types\/post"}],"author":[{"embeddable":true,"href":"https:\/\/wp.ufpel.edu.br\/tecsol\/wp-json\/wp\/v2\/users\/433"}],"replies":[{"embeddable":true,"href":"https:\/\/wp.ufpel.edu.br\/tecsol\/wp-json\/wp\/v2\/comments?post=447"}],"version-history":[{"count":5,"href":"https:\/\/wp.ufpel.edu.br\/tecsol\/wp-json\/wp\/v2\/posts\/447\/revisions"}],"predecessor-version":[{"id":473,"href":"https:\/\/wp.ufpel.edu.br\/tecsol\/wp-json\/wp\/v2\/posts\/447\/revisions\/473"}],"wp:attachment":[{"href":"https:\/\/wp.ufpel.edu.br\/tecsol\/wp-json\/wp\/v2\/media?parent=447"}],"wp:term":[{"taxonomy":"category","embeddable":true,"href":"https:\/\/wp.ufpel.edu.br\/tecsol\/wp-json\/wp\/v2\/categories?post=447"},{"taxonomy":"post_tag","embeddable":true,"href":"https:\/\/wp.ufpel.edu.br\/tecsol\/wp-json\/wp\/v2\/tags?post=447"}],"curies":[{"name":"wp","href":"https:\/\/api.w.org\/{rel}","templated":true}]}}