{"id":2083,"date":"2023-08-07T13:24:51","date_gmt":"2023-08-07T16:24:51","guid":{"rendered":"https:\/\/wp.ufpel.edu.br\/teatro\/?p=2083"},"modified":"2023-08-07T13:25:08","modified_gmt":"2023-08-07T16:25:08","slug":"projeto-territorios-da-palavra-em-performance","status":"publish","type":"post","link":"https:\/\/wp.ufpel.edu.br\/teatro\/2023\/08\/07\/projeto-territorios-da-palavra-em-performance\/","title":{"rendered":"Projeto Territ\u00f3rios da palavra em performance"},"content":{"rendered":"<p dir=\"auto\">Est\u00e3o abertas inscri\u00e7\u00f5es para novo projeto de pesquisa, aberto a alunes do Centro de Artes UFPel.<\/p>\n<p dir=\"auto\">\n<p dir=\"auto\">O projeto Territ\u00f3rios da palavra em performance vai desenvolver pesquisas sobre pr\u00e1ticas de atua\u00e7\u00e3o envolvendo movimento e voz, em po\u00e9ticas c\u00eanicas que incluam a palavra falada e\/ou cantada, com foco nas rela\u00e7\u00f5es propostas entre a a\u00e7\u00e3o f\u00edsica e a a\u00e7\u00e3o verbal. Ser\u00e3o desenvolvidos processos criativos, com abordagens espec\u00edficas da palavra, identificados a esses diferentes territ\u00f3rios c\u00eanicos.<\/p>\n<p dir=\"auto\">\n<div dir=\"auto\">A primeira a\u00e7\u00e3o de pesquisa ser\u00e1:<\/div>\n<div dir=\"auto\">&#8211; Corpo, Voz e Palavra, sobre pr\u00e1ticas de Jorge Parente<\/div>\n<p dir=\"auto\">\n<p dir=\"auto\">Inscri\u00e7\u00f5es pelo e-mail\u00a0<a href=\"mailto:moirastein505@gmail.com\" target=\"_blank\" rel=\"noopener\">moirastein505@gmail.com<\/a><\/p>\n<p dir=\"auto\">At\u00e9 quinta-feira, dia 10\/08.<\/p>\n<p dir=\"auto\">In\u00edcio dos encontros dia 17\/08, 19h.<\/p>\n<p dir=\"auto\">\n<div dir=\"auto\"><a href=\"https:\/\/wp.ufpel.edu.br\/teatro\/files\/2023\/08\/image_6487327.jpg\"><img class=\"aligncenter size-full wp-image-2085\" src=\"https:\/\/wp.ufpel.edu.br\/teatro\/files\/2023\/08\/image_6487327.jpg\" alt=\"\" width=\"627\" height=\"766\" srcset=\"https:\/\/wp.ufpel.edu.br\/teatro\/files\/2023\/08\/image_6487327.jpg 627w, https:\/\/wp.ufpel.edu.br\/teatro\/files\/2023\/08\/image_6487327-327x400.jpg 327w\" sizes=\"(max-width: 627px) 100vw, 627px\" \/><\/a><\/div>\n","protected":false},"excerpt":{"rendered":"<p>Est\u00e3o abertas inscri\u00e7\u00f5es para novo projeto de pesquisa, aberto a alunes do Centro de Artes UFPel. O projeto Territ\u00f3rios da palavra em performance vai desenvolver pesquisas sobre pr\u00e1ticas de atua\u00e7\u00e3o envolvendo movimento e voz, em po\u00e9ticas c\u00eanicas que incluam a palavra falada e\/ou cantada, com foco nas rela\u00e7\u00f5es propostas entre a a\u00e7\u00e3o f\u00edsica e a [&hellip;]<\/p>\n","protected":false},"author":337,"featured_media":0,"comment_status":"closed","ping_status":"closed","sticky":false,"template":"","format":"standard","meta":{"footnotes":""},"categories":[18],"tags":[],"class_list":["post-2083","post","type-post","status-publish","format-standard","hentry","category-sem-categoria"],"jetpack_featured_media_url":"","_links":{"self":[{"href":"https:\/\/wp.ufpel.edu.br\/teatro\/wp-json\/wp\/v2\/posts\/2083","targetHints":{"allow":["GET"]}}],"collection":[{"href":"https:\/\/wp.ufpel.edu.br\/teatro\/wp-json\/wp\/v2\/posts"}],"about":[{"href":"https:\/\/wp.ufpel.edu.br\/teatro\/wp-json\/wp\/v2\/types\/post"}],"author":[{"embeddable":true,"href":"https:\/\/wp.ufpel.edu.br\/teatro\/wp-json\/wp\/v2\/users\/337"}],"replies":[{"embeddable":true,"href":"https:\/\/wp.ufpel.edu.br\/teatro\/wp-json\/wp\/v2\/comments?post=2083"}],"version-history":[{"count":2,"href":"https:\/\/wp.ufpel.edu.br\/teatro\/wp-json\/wp\/v2\/posts\/2083\/revisions"}],"predecessor-version":[{"id":2087,"href":"https:\/\/wp.ufpel.edu.br\/teatro\/wp-json\/wp\/v2\/posts\/2083\/revisions\/2087"}],"wp:attachment":[{"href":"https:\/\/wp.ufpel.edu.br\/teatro\/wp-json\/wp\/v2\/media?parent=2083"}],"wp:term":[{"taxonomy":"category","embeddable":true,"href":"https:\/\/wp.ufpel.edu.br\/teatro\/wp-json\/wp\/v2\/categories?post=2083"},{"taxonomy":"post_tag","embeddable":true,"href":"https:\/\/wp.ufpel.edu.br\/teatro\/wp-json\/wp\/v2\/tags?post=2083"}],"curies":[{"name":"wp","href":"https:\/\/api.w.org\/{rel}","templated":true}]}}