{"id":503,"date":"2022-04-28T13:38:40","date_gmt":"2022-04-28T16:38:40","guid":{"rendered":"https:\/\/wp.ufpel.edu.br\/superavit\/?p=503"},"modified":"2022-04-28T13:38:40","modified_gmt":"2022-04-28T16:38:40","slug":"endividamento-das-familias-foi-de-526-em-2021-conforme-bc","status":"publish","type":"post","link":"https:\/\/wp.ufpel.edu.br\/superavit\/2022\/04\/28\/endividamento-das-familias-foi-de-526-em-2021-conforme-bc\/","title":{"rendered":"Endividamento das fam\u00edlias foi de 52,6% em 2021, conforme BC"},"content":{"rendered":"\n<p>Conforme dados do Banco Central (BC), divulgados hoje pelo InfoMoney, descontados os empr\u00e9stimos imobili\u00e1rios, o comprometimento da renda das fam\u00edlias brasileiras com d\u00edvidas foi de 25,6%. J\u00e1 o \u00edndice total, \u00e9 de 52,6%, um novo recorde da s\u00e9rie hist\u00f3rica. Segundo o BC, 2021 ultrapassou o \u00edndice de 2020, que fio de 43,9%.<\/p>\n\n\n\n<p>Em dezembro do ano passado, o BC havia explicado que estava adotando uma nova metodologia, que considera a Renda Nacional Dispon\u00edvel Bruta das Fam\u00edlias (RNDBF) restrita, e n\u00e3o mais a da Massa Salarial Ampliada Dispon\u00edvel (MSAD). Ainda conforme o BC, em reportagem do InfoMoney, &#8220;a nova medida de renda das fam\u00edlias inclui recursos recebidos extraordinariamente pelas fam\u00edlias, como o saque emergencial do FGTS e o aux\u00edlio emergencial, e desconsidera rendas de alugu\u00e9is, rendas distribu\u00eddas das empresas para as fam\u00edlias e rendas de investimentos&#8221;.<\/p>\n\n\n\n<p>O Banco Central tamb\u00e9m afirma que o comprometimento de renda das fam\u00edlias com o Sistema Financeiro Nacional (SFN) fechou 2021 em 27,9%, superando os 23,7% de 2020. J\u00e1 descontados os empr\u00e9stimos imobili\u00e1rios, o comprometimento da renda ficou em 25,6% em 2021, contra 21,5% de 2020. Ainda conforme o InfoMone, em novembro, os porcentuais eram de 28,0% e 25,7%, respectivamente.<\/p>\n","protected":false},"excerpt":{"rendered":"<p>Conforme dados do Banco Central (BC), divulgados hoje pelo InfoMoney, descontados os empr\u00e9stimos imobili\u00e1rios, o comprometimento da renda das fam\u00edlias brasileiras com d\u00edvidas foi de 25,6%. J\u00e1 o \u00edndice total, \u00e9 de 52,6%, um novo recorde da s\u00e9rie hist\u00f3rica. Segundo&#8230; <a class=\"more-link\" href=\"https:\/\/wp.ufpel.edu.br\/superavit\/2022\/04\/28\/endividamento-das-familias-foi-de-526-em-2021-conforme-bc\/\">Continue lendo &rarr;<\/a><\/p>\n","protected":false},"author":1210,"featured_media":505,"comment_status":"closed","ping_status":"closed","sticky":false,"template":"","format":"standard","meta":{"_jetpack_memberships_contains_paid_content":false,"footnotes":"","jetpack_publicize_message":"","jetpack_publicize_feature_enabled":true,"jetpack_social_post_already_shared":false,"jetpack_social_options":{"image_generator_settings":{"template":"highway","default_image_id":0,"font":"","enabled":false},"version":2}},"categories":[1],"tags":[154,31,64,155],"class_list":["post-503","post","type-post","status-publish","format-standard","has-post-thumbnail","hentry","category-noticias","tag-crise","tag-economia","tag-endividamento","tag-renda-familiar"],"jetpack_publicize_connections":[],"jetpack_featured_media_url":"https:\/\/wp.ufpel.edu.br\/superavit\/files\/2022\/04\/no-money.jpg","jetpack_sharing_enabled":true,"_links":{"self":[{"href":"https:\/\/wp.ufpel.edu.br\/superavit\/wp-json\/wp\/v2\/posts\/503","targetHints":{"allow":["GET"]}}],"collection":[{"href":"https:\/\/wp.ufpel.edu.br\/superavit\/wp-json\/wp\/v2\/posts"}],"about":[{"href":"https:\/\/wp.ufpel.edu.br\/superavit\/wp-json\/wp\/v2\/types\/post"}],"author":[{"embeddable":true,"href":"https:\/\/wp.ufpel.edu.br\/superavit\/wp-json\/wp\/v2\/users\/1210"}],"replies":[{"embeddable":true,"href":"https:\/\/wp.ufpel.edu.br\/superavit\/wp-json\/wp\/v2\/comments?post=503"}],"version-history":[{"count":1,"href":"https:\/\/wp.ufpel.edu.br\/superavit\/wp-json\/wp\/v2\/posts\/503\/revisions"}],"predecessor-version":[{"id":506,"href":"https:\/\/wp.ufpel.edu.br\/superavit\/wp-json\/wp\/v2\/posts\/503\/revisions\/506"}],"wp:featuredmedia":[{"embeddable":true,"href":"https:\/\/wp.ufpel.edu.br\/superavit\/wp-json\/wp\/v2\/media\/505"}],"wp:attachment":[{"href":"https:\/\/wp.ufpel.edu.br\/superavit\/wp-json\/wp\/v2\/media?parent=503"}],"wp:term":[{"taxonomy":"category","embeddable":true,"href":"https:\/\/wp.ufpel.edu.br\/superavit\/wp-json\/wp\/v2\/categories?post=503"},{"taxonomy":"post_tag","embeddable":true,"href":"https:\/\/wp.ufpel.edu.br\/superavit\/wp-json\/wp\/v2\/tags?post=503"}],"curies":[{"name":"wp","href":"https:\/\/api.w.org\/{rel}","templated":true}]}}