{"id":2110,"date":"2026-03-17T16:55:07","date_gmt":"2026-03-17T19:55:07","guid":{"rendered":"https:\/\/wp.ufpel.edu.br\/superavit\/?p=2110"},"modified":"2026-03-17T16:55:07","modified_gmt":"2026-03-17T19:55:07","slug":"declaracao-do-imposto-de-renda-2026-comeca-dia-23","status":"publish","type":"post","link":"https:\/\/wp.ufpel.edu.br\/superavit\/2026\/03\/17\/declaracao-do-imposto-de-renda-2026-comeca-dia-23\/","title":{"rendered":"Declara\u00e7\u00e3o do Imposto de Renda 2026 come\u00e7a dia 23"},"content":{"rendered":"\n<p><em>Por Reda\u00e7\u00e3o\/Super\u00e1vit Caseiro<\/em><\/p>\n\n\n\n<p>A entrega da declara\u00e7\u00e3o do Imposto de Renda 2026 come\u00e7a na pr\u00f3xima segunda-feira, 23 de mar\u00e7o, trazendo mudan\u00e7as que apostam na automa\u00e7\u00e3o e na agilidade na devolu\u00e7\u00e3o de valores aos contribuintes. Conforme o an\u00fancio feito pela Receita Federal, entre as principais novidades est\u00e3o o refor\u00e7o da declara\u00e7\u00e3o pr\u00e9-preenchida e a cria\u00e7\u00e3o de um sistema de restitui\u00e7\u00e3o autom\u00e1tica para quem nem sequer \u00e9 obrigado a declarar.<\/p>\n\n\n\n<p>O prazo para envio segue at\u00e9 29 de maio. Quem n\u00e3o cumprir o calend\u00e1rio estar\u00e1 sujeito a multa, que parte de R$ 165,74 e pode alcan\u00e7ar at\u00e9 20% do imposto devido.<\/p>\n\n\n\n<h3 class=\"wp-block-heading\">Pr\u00e9-preenchida avan\u00e7a e deve virar padr\u00e3o<\/h3>\n\n\n\n<p>A Receita Federal amplia neste ano o alcance da declara\u00e7\u00e3o pr\u00e9-preenchida, que passa a incorporar mais dados, inclusive informa\u00e7\u00f5es vindas do eSocial. A ferramenta j\u00e1 insere automaticamente rendimentos, despesas e dados cadastrais, reduzindo o trabalho manual do contribuinte.<\/p>\n\n\n\n<p>A expectativa do Fisco \u00e9 que 60% das declara\u00e7\u00f5es sejam feitas por esse modelo. O crescimento tem sido acelerado, pois h\u00e1 poucos anos, a ades\u00e3o era residual. Apesar da praticidade, o uso exige cautela. Os dados precisam ser conferidos antes do envio, j\u00e1 que eventuais inconsist\u00eancias continuam sendo de responsabilidade do contribuinte. Informa\u00e7\u00f5es incorretas podem levar \u00e0 reten\u00e7\u00e3o da declara\u00e7\u00e3o para an\u00e1lise, a chamada malha fina.<\/p>\n\n\n\n<p>Nem tudo, por\u00e9m, aparece automaticamente. Opera\u00e7\u00f5es como compra e venda de bens, rendimentos rurais e situa\u00e7\u00f5es espec\u00edficas seguem dependendo de preenchimento manual.<\/p>\n\n\n\n<h3 class=\"wp-block-heading\">Estrat\u00e9gia muda conforme o perfil do contribuinte<\/h3>\n\n\n\n<p>A escolha do momento de envio tamb\u00e9m pode variar. Quem tem uma vida financeira mais simples tende a conseguir declarar logo no in\u00edcio do prazo. J\u00e1 contribuintes com m\u00faltiplas fontes de renda ou investimentos podem optar por aguardar vers\u00f5es mais completas da pr\u00e9-preenchida, previstas para abril.<\/p>\n\n\n\n<h3 class=\"wp-block-heading\">Restitui\u00e7\u00e3o ter\u00e1 menos lotes e mais concentra\u00e7\u00e3o<\/h3>\n\n\n\n<p>Outra mudan\u00e7a relevante est\u00e1 no calend\u00e1rio de restitui\u00e7\u00f5es. Em 2026, os pagamentos ser\u00e3o feitos em quatro lotes, e n\u00e3o mais em cinco. A Receita pretende concentrar a maior parte das devolu\u00e7\u00f5es j\u00e1 nos primeiros meses.<\/p>\n\n\n\n<p>A l\u00f3gica de prioridade permanece: idosos, pessoas com defici\u00eancia ou doen\u00e7as graves e professores seguem \u00e0 frente. Depois, ganham vantagem quem utiliza a declara\u00e7\u00e3o pr\u00e9-preenchida e opta por receber via Pix.<\/p>\n\n\n\n<p>Ainda assim, o fator decisivo continua sendo o tempo: quem entrega antes, recebe antes.<\/p>\n\n\n\n<h3 class=\"wp-block-heading\">\u201cCashback\u201d do IR: devolu\u00e7\u00e3o sem precisar declarar<\/h3>\n\n\n\n<p>A principal inova\u00e7\u00e3o deste ano \u00e9 a cria\u00e7\u00e3o de um mecanismo autom\u00e1tico de restitui\u00e7\u00e3o, apelidado de \u201ccashback\u201d pela Receita. A medida mira contribuintes de menor renda que tiveram imposto retido em situa\u00e7\u00f5es pontuais &#8211; como f\u00e9rias, horas extras ou rescis\u00f5es &#8211; mas que normalmente n\u00e3o fariam a declara\u00e7\u00e3o.<\/p>\n\n\n\n<p>Nesses casos, o pr\u00f3prio sistema da Receita ir\u00e1 gerar uma declara\u00e7\u00e3o preliminar e depositar o valor devido diretamente na conta do contribuinte, desde que ele tenha uma chave Pix vinculada ao CPF.<\/p>\n\n\n\n<p>A previs\u00e3o \u00e9 de que cerca de 4 milh\u00f5es de pessoas sejam beneficiadas j\u00e1 em 2026, com pagamentos estimados em R$ 500 milh\u00f5es, a partir de 15 de julho.<\/p>\n\n\n\n<p>Mesmo assim, o contribuinte poder\u00e1 acessar os dados, revisar informa\u00e7\u00f5es e at\u00e9 optar por outro modelo de tributa\u00e7\u00e3o, caso identifique vantagem.<\/p>\n\n\n\n<h3 class=\"wp-block-heading\">Ajuste anual segue como regra central<\/h3>\n\n\n\n<p>Apesar das novidades tecnol\u00f3gicas, a l\u00f3gica do Imposto de Renda permanece a mesma: trata-se de um acerto de contas anual entre o contribuinte e o Fisco. Ao reunir rendimentos e despesas dedut\u00edveis, o sistema define se houve pagamento a mais &#8211; gerando restitui\u00e7\u00e3o &#8211; ou a menos, exigindo complemento.<\/p>\n\n\n\n<p>Historicamente, a maioria dos contribuintes recebe valores de volta, mas isso depende diretamente da qualidade das informa\u00e7\u00f5es prestadas.<\/p>\n\n\n\n<h3 class=\"wp-block-heading\">Aten\u00e7\u00e3o aos dados evita problemas<\/h3>\n\n\n\n<p>Ap\u00f3s o envio, a declara\u00e7\u00e3o passa por an\u00e1lise da Receita e pode assumir diferentes status, desde \u201cem processamento\u201d at\u00e9 \u201ccom pend\u00eancias\u201d, quando h\u00e1 ind\u00edcios de inconsist\u00eancias.<\/p>\n\n\n\n<p>A recomenda\u00e7\u00e3o \u00e9 clara: revisar tudo antes de enviar. Em caso de diverg\u00eancia, o que vale n\u00e3o \u00e9 o dado pr\u00e9-preenchido, mas a documenta\u00e7\u00e3o que o contribuinte consegue comprovar.<\/p>\n","protected":false},"excerpt":{"rendered":"<p>Por Reda\u00e7\u00e3o\/Super\u00e1vit Caseiro A entrega da declara\u00e7\u00e3o do Imposto de Renda 2026 come\u00e7a na pr\u00f3xima segunda-feira, 23 de mar\u00e7o, trazendo mudan\u00e7as que apostam na automa\u00e7\u00e3o e na agilidade na devolu\u00e7\u00e3o de valores aos contribuintes. Conforme o an\u00fancio feito pela Receita&#8230; <a class=\"more-link\" href=\"https:\/\/wp.ufpel.edu.br\/superavit\/2026\/03\/17\/declaracao-do-imposto-de-renda-2026-comeca-dia-23\/\">Continue lendo &rarr;<\/a><\/p>\n","protected":false},"author":1210,"featured_media":1636,"comment_status":"closed","ping_status":"closed","sticky":false,"template":"","format":"standard","meta":{"_jetpack_memberships_contains_paid_content":false,"footnotes":"","jetpack_publicize_message":"","jetpack_publicize_feature_enabled":true,"jetpack_social_post_already_shared":true,"jetpack_social_options":{"image_generator_settings":{"template":"highway","default_image_id":0,"font":"","enabled":false},"version":2}},"categories":[1],"tags":[],"class_list":["post-2110","post","type-post","status-publish","format-standard","has-post-thumbnail","hentry","category-noticias"],"jetpack_publicize_connections":[],"jetpack_featured_media_url":"https:\/\/wp.ufpel.edu.br\/superavit\/files\/2024\/05\/Receita-Federal-Agencia-Brasil-.png","jetpack_sharing_enabled":true,"_links":{"self":[{"href":"https:\/\/wp.ufpel.edu.br\/superavit\/wp-json\/wp\/v2\/posts\/2110","targetHints":{"allow":["GET"]}}],"collection":[{"href":"https:\/\/wp.ufpel.edu.br\/superavit\/wp-json\/wp\/v2\/posts"}],"about":[{"href":"https:\/\/wp.ufpel.edu.br\/superavit\/wp-json\/wp\/v2\/types\/post"}],"author":[{"embeddable":true,"href":"https:\/\/wp.ufpel.edu.br\/superavit\/wp-json\/wp\/v2\/users\/1210"}],"replies":[{"embeddable":true,"href":"https:\/\/wp.ufpel.edu.br\/superavit\/wp-json\/wp\/v2\/comments?post=2110"}],"version-history":[{"count":1,"href":"https:\/\/wp.ufpel.edu.br\/superavit\/wp-json\/wp\/v2\/posts\/2110\/revisions"}],"predecessor-version":[{"id":2112,"href":"https:\/\/wp.ufpel.edu.br\/superavit\/wp-json\/wp\/v2\/posts\/2110\/revisions\/2112"}],"wp:featuredmedia":[{"embeddable":true,"href":"https:\/\/wp.ufpel.edu.br\/superavit\/wp-json\/wp\/v2\/media\/1636"}],"wp:attachment":[{"href":"https:\/\/wp.ufpel.edu.br\/superavit\/wp-json\/wp\/v2\/media?parent=2110"}],"wp:term":[{"taxonomy":"category","embeddable":true,"href":"https:\/\/wp.ufpel.edu.br\/superavit\/wp-json\/wp\/v2\/categories?post=2110"},{"taxonomy":"post_tag","embeddable":true,"href":"https:\/\/wp.ufpel.edu.br\/superavit\/wp-json\/wp\/v2\/tags?post=2110"}],"curies":[{"name":"wp","href":"https:\/\/api.w.org\/{rel}","templated":true}]}}