{"id":676,"date":"2013-12-09T14:07:48","date_gmt":"2013-12-09T16:07:48","guid":{"rendered":"https:\/\/wp.ufpel.edu.br\/prie\/?p=676"},"modified":"2013-12-09T14:07:48","modified_gmt":"2013-12-09T16:07:48","slug":"autorizacao-para-conducao-de-veiculos-oficiais","status":"publish","type":"post","link":"https:\/\/wp.ufpel.edu.br\/suinfra\/autorizacao-para-conducao-de-veiculos-oficiais\/","title":{"rendered":"Autoriza\u00e7\u00e3o para condu\u00e7\u00e3o de ve\u00edculos oficiais"},"content":{"rendered":"<p>Considerando a legisla\u00e7\u00e3o vigente, a fim de normatizar os pedidos de Autoriza\u00e7\u00e3o de condu\u00e7\u00e3o de ve\u00edculos oficiais, a Administra\u00e7\u00e3o Superior, por interm\u00e9dio do N\u00facleo de Transporte, emite as orienta\u00e7\u00f5es previstas no\u00a0<b>Memorando Circular n\u00ba 006\/2013.<\/b><\/p>\n<p><b>Confira em<\/b>\u00a0<a href=\"https:\/\/wp.ufpel.edu.br\/prie\/nutrans\/documentos\/\" target=\"_blank\">https:\/\/wp.ufpel.edu.br\/prie\/nutrans\/documentos\/<\/a>.<\/p>\n<p>As renova\u00e7\u00f5es de autoriza\u00e7\u00e3o devem ser entregues no N\u00facleo de Transporte at\u00e9 a pr\u00f3xima sexta-feira, dia 13, para que sejam renovadas sem preju\u00edzo \u00e0 continuidade da autoriza\u00e7\u00e3o.<\/p>\n<p><b>Aten\u00e7\u00e3o:\u00a0<\/b>Deve ser anexada c\u00f3pia da CNH ao formul\u00e1rio de solicita\u00e7\u00e3o de autoriza\u00e7\u00e3o, mesmo quando renova\u00e7\u00e3o.<\/p>\n","protected":false},"excerpt":{"rendered":"<p>Considerando a legisla\u00e7\u00e3o vigente, a fim de normatizar os pedidos de Autoriza\u00e7\u00e3o de condu\u00e7\u00e3o de ve\u00edculos oficiais, a Administra\u00e7\u00e3o Superior, por interm\u00e9dio do N\u00facleo de Transporte, emite as orienta\u00e7\u00f5es previstas no\u00a0Memorando Circular n\u00ba 006\/2013. Confira em\u00a0https:\/\/wp.ufpel.edu.br\/prie\/nutrans\/documentos\/. As renova\u00e7\u00f5es de autoriza\u00e7\u00e3o devem ser entregues no N\u00facleo de Transporte at\u00e9 a pr\u00f3xima sexta-feira, dia 13, para que [&hellip;]<\/p>\n","protected":false},"author":62,"featured_media":0,"comment_status":"closed","ping_status":"open","sticky":false,"template":"","format":"standard","meta":{"footnotes":""},"categories":[4],"tags":[],"class_list":["post-676","post","type-post","status-publish","format-standard","hentry","category-noticias"],"jetpack_featured_media_url":"","_links":{"self":[{"href":"https:\/\/wp.ufpel.edu.br\/suinfra\/wp-json\/wp\/v2\/posts\/676","targetHints":{"allow":["GET"]}}],"collection":[{"href":"https:\/\/wp.ufpel.edu.br\/suinfra\/wp-json\/wp\/v2\/posts"}],"about":[{"href":"https:\/\/wp.ufpel.edu.br\/suinfra\/wp-json\/wp\/v2\/types\/post"}],"author":[{"embeddable":true,"href":"https:\/\/wp.ufpel.edu.br\/suinfra\/wp-json\/wp\/v2\/users\/62"}],"replies":[{"embeddable":true,"href":"https:\/\/wp.ufpel.edu.br\/suinfra\/wp-json\/wp\/v2\/comments?post=676"}],"version-history":[{"count":1,"href":"https:\/\/wp.ufpel.edu.br\/suinfra\/wp-json\/wp\/v2\/posts\/676\/revisions"}],"predecessor-version":[{"id":677,"href":"https:\/\/wp.ufpel.edu.br\/suinfra\/wp-json\/wp\/v2\/posts\/676\/revisions\/677"}],"wp:attachment":[{"href":"https:\/\/wp.ufpel.edu.br\/suinfra\/wp-json\/wp\/v2\/media?parent=676"}],"wp:term":[{"taxonomy":"category","embeddable":true,"href":"https:\/\/wp.ufpel.edu.br\/suinfra\/wp-json\/wp\/v2\/categories?post=676"},{"taxonomy":"post_tag","embeddable":true,"href":"https:\/\/wp.ufpel.edu.br\/suinfra\/wp-json\/wp\/v2\/tags?post=676"}],"curies":[{"name":"wp","href":"https:\/\/api.w.org\/{rel}","templated":true}]}}