{"id":3570,"date":"2018-07-09T13:56:22","date_gmt":"2018-07-09T16:56:22","guid":{"rendered":"https:\/\/wp.ufpel.edu.br\/suinfra\/?p=3570"},"modified":"2019-11-22T12:33:01","modified_gmt":"2019-11-22T15:33:01","slug":"campus-calhas","status":"publish","type":"post","link":"https:\/\/wp.ufpel.edu.br\/suinfra\/campus-calhas\/","title":{"rendered":"CAMPUS II RECEBE SUBSTITUI\u00c7\u00c3O DE CALHAS DA COBERTURA"},"content":{"rendered":"<p style=\"text-align: justify\">O pr\u00e9dio do antigo Campus II recebeu novas calhas que substitu\u00edram as existentes, j\u00e1 bastante danificadas, o que propiciava a infiltra\u00e7\u00e3o das \u00e1guas pluviais ao interior da edifica\u00e7\u00e3o. A a\u00e7\u00e3o foi desenvolvida pela equipe de Manuten\u00e7\u00e3o dos Campi Pelotas.<\/p>\n\n\t\t<style type=\"text\/css\">\n\t\t\t#gallery-1 {\n\t\t\t\tmargin: auto;\n\t\t\t}\n\t\t\t#gallery-1 .gallery-item {\n\t\t\t\tfloat: left;\n\t\t\t\tmargin-top: 10px;\n\t\t\t\ttext-align: center;\n\t\t\t\twidth: 33%;\n\t\t\t}\n\t\t\t#gallery-1 img {\n\t\t\t\tborder: 2px solid #cfcfcf;\n\t\t\t}\n\t\t\t#gallery-1 .gallery-caption {\n\t\t\t\tmargin-left: 0;\n\t\t\t}\n\t\t\t\/* see gallery_shortcode() in wp-includes\/media.php *\/\n\t\t<\/style>\n\t\t<div id='gallery-1' class='gallery galleryid-3570 gallery-columns-3 gallery-size-full'><dl class='gallery-item'>\n\t\t\t<dt class='gallery-icon landscape'>\n\t\t\t\t<img width=\"1080\" height=\"1080\" src=\"https:\/\/wp.ufpel.edu.br\/suinfra\/files\/2018\/08\/IMG-20180709-WA0001.jpg\" class=\"attachment-full size-full\" alt=\"\" srcset=\"https:\/\/wp.ufpel.edu.br\/suinfra\/files\/2018\/08\/IMG-20180709-WA0001.jpg 1080w, https:\/\/wp.ufpel.edu.br\/suinfra\/files\/2018\/08\/IMG-20180709-WA0001-200x200.jpg 200w, https:\/\/wp.ufpel.edu.br\/suinfra\/files\/2018\/08\/IMG-20180709-WA0001-400x400.jpg 400w, https:\/\/wp.ufpel.edu.br\/suinfra\/files\/2018\/08\/IMG-20180709-WA0001-1024x1024.jpg 1024w\" sizes=\"(max-width: 1080px) 100vw, 1080px\" \/>\n\t\t\t<\/dt><\/dl><dl class='gallery-item'>\n\t\t\t<dt class='gallery-icon portrait'>\n\t\t\t\t<img width=\"768\" height=\"1280\" src=\"https:\/\/wp.ufpel.edu.br\/suinfra\/files\/2018\/08\/IMG-20180712-WA0012.jpg\" class=\"attachment-full size-full\" alt=\"\" srcset=\"https:\/\/wp.ufpel.edu.br\/suinfra\/files\/2018\/08\/IMG-20180712-WA0012.jpg 768w, https:\/\/wp.ufpel.edu.br\/suinfra\/files\/2018\/08\/IMG-20180712-WA0012-240x400.jpg 240w, https:\/\/wp.ufpel.edu.br\/suinfra\/files\/2018\/08\/IMG-20180712-WA0012-614x1024.jpg 614w\" sizes=\"(max-width: 768px) 100vw, 768px\" \/>\n\t\t\t<\/dt><\/dl><dl class='gallery-item'>\n\t\t\t<dt class='gallery-icon landscape'>\n\t\t\t\t<img width=\"1080\" height=\"1080\" src=\"https:\/\/wp.ufpel.edu.br\/suinfra\/files\/2018\/08\/IMG-20180712-WA0011.jpg\" class=\"attachment-full size-full\" alt=\"\" srcset=\"https:\/\/wp.ufpel.edu.br\/suinfra\/files\/2018\/08\/IMG-20180712-WA0011.jpg 1080w, https:\/\/wp.ufpel.edu.br\/suinfra\/files\/2018\/08\/IMG-20180712-WA0011-200x200.jpg 200w, https:\/\/wp.ufpel.edu.br\/suinfra\/files\/2018\/08\/IMG-20180712-WA0011-400x400.jpg 400w, https:\/\/wp.ufpel.edu.br\/suinfra\/files\/2018\/08\/IMG-20180712-WA0011-1024x1024.jpg 1024w\" sizes=\"(max-width: 1080px) 100vw, 1080px\" \/>\n\t\t\t<\/dt><\/dl><br style=\"clear: both\" \/><dl class='gallery-item'>\n\t\t\t<dt class='gallery-icon landscape'>\n\t\t\t\t<img width=\"1080\" height=\"1080\" src=\"https:\/\/wp.ufpel.edu.br\/suinfra\/files\/2018\/08\/IMG-20180712-WA0010.jpg\" class=\"attachment-full size-full\" alt=\"\" srcset=\"https:\/\/wp.ufpel.edu.br\/suinfra\/files\/2018\/08\/IMG-20180712-WA0010.jpg 1080w, https:\/\/wp.ufpel.edu.br\/suinfra\/files\/2018\/08\/IMG-20180712-WA0010-200x200.jpg 200w, https:\/\/wp.ufpel.edu.br\/suinfra\/files\/2018\/08\/IMG-20180712-WA0010-400x400.jpg 400w, https:\/\/wp.ufpel.edu.br\/suinfra\/files\/2018\/08\/IMG-20180712-WA0010-1024x1024.jpg 1024w\" sizes=\"(max-width: 1080px) 100vw, 1080px\" \/>\n\t\t\t<\/dt><\/dl>\n\t\t\t<br style='clear: both' \/>\n\t\t<\/div>\n\n","protected":false},"excerpt":{"rendered":"<p>O pr\u00e9dio do antigo Campus II recebe novas calhas.<\/p>\n","protected":false},"author":789,"featured_media":3572,"comment_status":"closed","ping_status":"closed","sticky":false,"template":"","format":"standard","meta":{"footnotes":""},"categories":[85446,85421,4,85535],"tags":[],"class_list":["post-3570","post","type-post","status-publish","format-standard","has-post-thumbnail","hentry","category-divulgacao","category-manutencao-noticias","category-noticias","category-obras"],"jetpack_featured_media_url":"https:\/\/wp.ufpel.edu.br\/suinfra\/files\/2018\/08\/IMG-20180712-WA0012.jpg","_links":{"self":[{"href":"https:\/\/wp.ufpel.edu.br\/suinfra\/wp-json\/wp\/v2\/posts\/3570","targetHints":{"allow":["GET"]}}],"collection":[{"href":"https:\/\/wp.ufpel.edu.br\/suinfra\/wp-json\/wp\/v2\/posts"}],"about":[{"href":"https:\/\/wp.ufpel.edu.br\/suinfra\/wp-json\/wp\/v2\/types\/post"}],"author":[{"embeddable":true,"href":"https:\/\/wp.ufpel.edu.br\/suinfra\/wp-json\/wp\/v2\/users\/789"}],"replies":[{"embeddable":true,"href":"https:\/\/wp.ufpel.edu.br\/suinfra\/wp-json\/wp\/v2\/comments?post=3570"}],"version-history":[{"count":3,"href":"https:\/\/wp.ufpel.edu.br\/suinfra\/wp-json\/wp\/v2\/posts\/3570\/revisions"}],"predecessor-version":[{"id":3716,"href":"https:\/\/wp.ufpel.edu.br\/suinfra\/wp-json\/wp\/v2\/posts\/3570\/revisions\/3716"}],"wp:featuredmedia":[{"embeddable":true,"href":"https:\/\/wp.ufpel.edu.br\/suinfra\/wp-json\/wp\/v2\/media\/3572"}],"wp:attachment":[{"href":"https:\/\/wp.ufpel.edu.br\/suinfra\/wp-json\/wp\/v2\/media?parent=3570"}],"wp:term":[{"taxonomy":"category","embeddable":true,"href":"https:\/\/wp.ufpel.edu.br\/suinfra\/wp-json\/wp\/v2\/categories?post=3570"},{"taxonomy":"post_tag","embeddable":true,"href":"https:\/\/wp.ufpel.edu.br\/suinfra\/wp-json\/wp\/v2\/tags?post=3570"}],"curies":[{"name":"wp","href":"https:\/\/api.w.org\/{rel}","templated":true}]}}