{"id":3318,"date":"2017-03-19T14:37:26","date_gmt":"2017-03-19T17:37:26","guid":{"rendered":"https:\/\/wp.ufpel.edu.br\/suinfra\/?p=3318"},"modified":"2019-11-22T12:33:05","modified_gmt":"2019-11-22T15:33:05","slug":"anglo-acoes-de-acessibilidade","status":"publish","type":"post","link":"https:\/\/wp.ufpel.edu.br\/suinfra\/anglo-acoes-de-acessibilidade\/","title":{"rendered":"ANGLO &#8211; A\u00c7\u00d5ES DE ACESSIBILIDADE"},"content":{"rendered":"<p>O acesso do pr\u00e9dio do complexo ANGLO, voltado para o Canal S\u00e3o Gon\u00e7alo, recebeu a\u00e7\u00f5es de acessibilidade que contemplam a execu\u00e7\u00e3o de rampas, em concreto, que ligam o n\u00edvel mais baixo do pavimento externo ao n\u00edvel da parte interna da edifica\u00e7\u00e3o, al\u00e9m da demarca\u00e7\u00e3o de vagas de estacionamento exclusiva para Pessoas com defici\u00eancia. As vagas foram delimitadas junto \u00c0 entrada, de frente ao canal S\u00e3o Gon\u00e7alo quanto pr\u00f3ximo \u00e0 cantina existente, acesso oposto. As a\u00e7\u00f5es buscam prover condi\u00e7\u00f5es e o atendimento aos direitos b\u00e1sicos de acessibilidade dos cidad\u00e3os.<\/p>\n\n\t\t<style type=\"text\/css\">\n\t\t\t#gallery-1 {\n\t\t\t\tmargin: auto;\n\t\t\t}\n\t\t\t#gallery-1 .gallery-item {\n\t\t\t\tfloat: left;\n\t\t\t\tmargin-top: 10px;\n\t\t\t\ttext-align: center;\n\t\t\t\twidth: 33%;\n\t\t\t}\n\t\t\t#gallery-1 img {\n\t\t\t\tborder: 2px solid #cfcfcf;\n\t\t\t}\n\t\t\t#gallery-1 .gallery-caption {\n\t\t\t\tmargin-left: 0;\n\t\t\t}\n\t\t\t\/* see gallery_shortcode() in wp-includes\/media.php *\/\n\t\t<\/style>\n\t\t<div id='gallery-1' class='gallery galleryid-3318 gallery-columns-3 gallery-size-full'><dl class='gallery-item'>\n\t\t\t<dt class='gallery-icon portrait'>\n\t\t\t\t<img width=\"960\" height=\"1280\" src=\"https:\/\/wp.ufpel.edu.br\/suinfra\/files\/2018\/08\/IMG-20170427-WA0032.jpg\" class=\"attachment-full size-full\" alt=\"\" srcset=\"https:\/\/wp.ufpel.edu.br\/suinfra\/files\/2018\/08\/IMG-20170427-WA0032.jpg 960w, https:\/\/wp.ufpel.edu.br\/suinfra\/files\/2018\/08\/IMG-20170427-WA0032-300x400.jpg 300w, https:\/\/wp.ufpel.edu.br\/suinfra\/files\/2018\/08\/IMG-20170427-WA0032-768x1024.jpg 768w\" sizes=\"(max-width: 960px) 100vw, 960px\" \/>\n\t\t\t<\/dt><\/dl><dl class='gallery-item'>\n\t\t\t<dt class='gallery-icon portrait'>\n\t\t\t\t<img width=\"960\" height=\"1280\" src=\"https:\/\/wp.ufpel.edu.br\/suinfra\/files\/2018\/08\/IMG-20170419-WA0011.jpg\" class=\"attachment-full size-full\" alt=\"\" srcset=\"https:\/\/wp.ufpel.edu.br\/suinfra\/files\/2018\/08\/IMG-20170419-WA0011.jpg 960w, https:\/\/wp.ufpel.edu.br\/suinfra\/files\/2018\/08\/IMG-20170419-WA0011-300x400.jpg 300w, https:\/\/wp.ufpel.edu.br\/suinfra\/files\/2018\/08\/IMG-20170419-WA0011-768x1024.jpg 768w\" sizes=\"(max-width: 960px) 100vw, 960px\" \/>\n\t\t\t<\/dt><\/dl><dl class='gallery-item'>\n\t\t\t<dt class='gallery-icon portrait'>\n\t\t\t\t<img width=\"960\" height=\"1280\" src=\"https:\/\/wp.ufpel.edu.br\/suinfra\/files\/2018\/08\/IMG-20170419-WA0012.jpg\" class=\"attachment-full size-full\" alt=\"\" srcset=\"https:\/\/wp.ufpel.edu.br\/suinfra\/files\/2018\/08\/IMG-20170419-WA0012.jpg 960w, https:\/\/wp.ufpel.edu.br\/suinfra\/files\/2018\/08\/IMG-20170419-WA0012-300x400.jpg 300w, https:\/\/wp.ufpel.edu.br\/suinfra\/files\/2018\/08\/IMG-20170419-WA0012-768x1024.jpg 768w\" sizes=\"(max-width: 960px) 100vw, 960px\" \/>\n\t\t\t<\/dt><\/dl><br style=\"clear: both\" \/><dl class='gallery-item'>\n\t\t\t<dt class='gallery-icon portrait'>\n\t\t\t\t<img width=\"960\" height=\"1280\" src=\"https:\/\/wp.ufpel.edu.br\/suinfra\/files\/2018\/08\/IMG-20170427-WA0031.jpg\" class=\"attachment-full size-full\" alt=\"\" srcset=\"https:\/\/wp.ufpel.edu.br\/suinfra\/files\/2018\/08\/IMG-20170427-WA0031.jpg 960w, https:\/\/wp.ufpel.edu.br\/suinfra\/files\/2018\/08\/IMG-20170427-WA0031-300x400.jpg 300w, https:\/\/wp.ufpel.edu.br\/suinfra\/files\/2018\/08\/IMG-20170427-WA0031-768x1024.jpg 768w\" sizes=\"(max-width: 960px) 100vw, 960px\" \/>\n\t\t\t<\/dt><\/dl>\n\t\t\t<br style='clear: both' \/>\n\t\t<\/div>\n\n<p>&nbsp;<\/p>\n","protected":false},"excerpt":{"rendered":"<p>O acesso do pr\u00e9dio do complexo ANGLO, voltado para o Canal S\u00e3o Gon\u00e7alo, recebeu a\u00e7\u00f5es de acessibilidade.<\/p>\n","protected":false},"author":789,"featured_media":3323,"comment_status":"closed","ping_status":"closed","sticky":false,"template":"","format":"standard","meta":{"footnotes":""},"categories":[85446,85421,4,85535],"tags":[],"class_list":["post-3318","post","type-post","status-publish","format-standard","has-post-thumbnail","hentry","category-divulgacao","category-manutencao-noticias","category-noticias","category-obras"],"jetpack_featured_media_url":"https:\/\/wp.ufpel.edu.br\/suinfra\/files\/2018\/08\/IMG-20170427-WA0032.jpg","_links":{"self":[{"href":"https:\/\/wp.ufpel.edu.br\/suinfra\/wp-json\/wp\/v2\/posts\/3318","targetHints":{"allow":["GET"]}}],"collection":[{"href":"https:\/\/wp.ufpel.edu.br\/suinfra\/wp-json\/wp\/v2\/posts"}],"about":[{"href":"https:\/\/wp.ufpel.edu.br\/suinfra\/wp-json\/wp\/v2\/types\/post"}],"author":[{"embeddable":true,"href":"https:\/\/wp.ufpel.edu.br\/suinfra\/wp-json\/wp\/v2\/users\/789"}],"replies":[{"embeddable":true,"href":"https:\/\/wp.ufpel.edu.br\/suinfra\/wp-json\/wp\/v2\/comments?post=3318"}],"version-history":[{"count":5,"href":"https:\/\/wp.ufpel.edu.br\/suinfra\/wp-json\/wp\/v2\/posts\/3318\/revisions"}],"predecessor-version":[{"id":3699,"href":"https:\/\/wp.ufpel.edu.br\/suinfra\/wp-json\/wp\/v2\/posts\/3318\/revisions\/3699"}],"wp:featuredmedia":[{"embeddable":true,"href":"https:\/\/wp.ufpel.edu.br\/suinfra\/wp-json\/wp\/v2\/media\/3323"}],"wp:attachment":[{"href":"https:\/\/wp.ufpel.edu.br\/suinfra\/wp-json\/wp\/v2\/media?parent=3318"}],"wp:term":[{"taxonomy":"category","embeddable":true,"href":"https:\/\/wp.ufpel.edu.br\/suinfra\/wp-json\/wp\/v2\/categories?post=3318"},{"taxonomy":"post_tag","embeddable":true,"href":"https:\/\/wp.ufpel.edu.br\/suinfra\/wp-json\/wp\/v2\/tags?post=3318"}],"curies":[{"name":"wp","href":"https:\/\/api.w.org\/{rel}","templated":true}]}}