{"id":2237,"date":"2016-06-27T11:25:48","date_gmt":"2016-06-27T14:25:48","guid":{"rendered":"https:\/\/wp.ufpel.edu.br\/prainfra\/?p=2237"},"modified":"2019-11-22T12:33:09","modified_gmt":"2019-11-22T15:33:09","slug":"fat-curso-de-administracao","status":"publish","type":"post","link":"https:\/\/wp.ufpel.edu.br\/suinfra\/fat-curso-de-administracao\/","title":{"rendered":"FAT &#8211; Curso de Administra\u00e7\u00e3o"},"content":{"rendered":"<p>Viagem de Estudos do Curso de Administra\u00e7\u00e3o da Faculdade de Administra\u00e7\u00e3o e Turismo (FAT) para realiza\u00e7\u00e3o de Visita T\u00e9cnica \u00e0 Vin\u00edcola Guatambu, em Dom Pedrito\/RS.<\/p>\n\n\t\t<style type=\"text\/css\">\n\t\t\t#gallery-1 {\n\t\t\t\tmargin: auto;\n\t\t\t}\n\t\t\t#gallery-1 .gallery-item {\n\t\t\t\tfloat: left;\n\t\t\t\tmargin-top: 10px;\n\t\t\t\ttext-align: center;\n\t\t\t\twidth: 33%;\n\t\t\t}\n\t\t\t#gallery-1 img {\n\t\t\t\tborder: 2px solid #cfcfcf;\n\t\t\t}\n\t\t\t#gallery-1 .gallery-caption {\n\t\t\t\tmargin-left: 0;\n\t\t\t}\n\t\t\t\/* see gallery_shortcode() in wp-includes\/media.php *\/\n\t\t<\/style>\n\t\t<div id='gallery-1' class='gallery galleryid-2237 gallery-columns-3 gallery-size-thumbnail'><dl class='gallery-item'>\n\t\t\t<dt class='gallery-icon landscape'>\n\t\t\t\t<a href='https:\/\/wp.ufpel.edu.br\/suinfra\/2016-06-20-fat-administracao-dom-pedrito_rs\/'><img width=\"200\" height=\"120\" src=\"https:\/\/wp.ufpel.edu.br\/suinfra\/files\/2016\/06\/2016.06.20-FAT-Administra\u00e7\u00e3o-Dom-Pedrito_RS-212x127.jpg\" class=\"attachment-thumbnail size-thumbnail\" alt=\"\" aria-describedby=\"gallery-1-2234\" srcset=\"https:\/\/wp.ufpel.edu.br\/suinfra\/files\/2016\/06\/2016.06.20-FAT-Administra\u00e7\u00e3o-Dom-Pedrito_RS-212x127.jpg 212w, https:\/\/wp.ufpel.edu.br\/suinfra\/files\/2016\/06\/2016.06.20-FAT-Administra\u00e7\u00e3o-Dom-Pedrito_RS-424x254.jpg 424w, https:\/\/wp.ufpel.edu.br\/suinfra\/files\/2016\/06\/2016.06.20-FAT-Administra\u00e7\u00e3o-Dom-Pedrito_RS.jpg 1280w\" sizes=\"(max-width: 200px) 100vw, 200px\" \/><\/a>\n\t\t\t<\/dt>\n\t\t\t\t<dd class='wp-caption-text gallery-caption' id='gallery-1-2234'>\n\t\t\t\tViagem de Estudos do Curso de Administra\u00e7\u00e3o da Faculdade de Administra\u00e7\u00e3o e Turismo (FAT) para realiza\u00e7\u00e3o de Visita T\u00e9cnica \u00e0 Vin\u00edcola Guatambu, em Dom Pedrito\/RS.\n\t\t\t\t<\/dd><\/dl>\n\t\t\t<br style='clear: both' \/>\n\t\t<\/div>\n\n","protected":false},"excerpt":{"rendered":"<p>Curso de Administra\u00e7\u00e3o (FAT) realiza Visita T\u00e9cnica \u00e0 Vin\u00edcola Guatambu em Dom Pedrito\/RS.<\/p>\n","protected":false},"author":41,"featured_media":2238,"comment_status":"closed","ping_status":"closed","sticky":false,"template":"","format":"standard","meta":{"footnotes":""},"categories":[85446,4,85415,85440],"tags":[85481,85503,85480,85502,85426,22489,85504,22492,22498,85501,85441],"class_list":["post-2237","post","type-post","status-publish","format-standard","has-post-thumbnail","hentry","category-divulgacao","category-noticias","category-transporte-noticias","category-visitas-tecnicas","tag-administracao","tag-dom-pedrito","tag-fat","tag-guatambu","tag-noticias","tag-nutrans","tag-rs","tag-transporte","tag-veiculos","tag-vinicola","tag-visita-tecnica"],"jetpack_featured_media_url":"https:\/\/wp.ufpel.edu.br\/suinfra\/files\/2016\/06\/2016.06.20-FAT-Administra\u00e7\u00e3o-Dom-Pedrito_RS-3x4.jpg","_links":{"self":[{"href":"https:\/\/wp.ufpel.edu.br\/suinfra\/wp-json\/wp\/v2\/posts\/2237","targetHints":{"allow":["GET"]}}],"collection":[{"href":"https:\/\/wp.ufpel.edu.br\/suinfra\/wp-json\/wp\/v2\/posts"}],"about":[{"href":"https:\/\/wp.ufpel.edu.br\/suinfra\/wp-json\/wp\/v2\/types\/post"}],"author":[{"embeddable":true,"href":"https:\/\/wp.ufpel.edu.br\/suinfra\/wp-json\/wp\/v2\/users\/41"}],"replies":[{"embeddable":true,"href":"https:\/\/wp.ufpel.edu.br\/suinfra\/wp-json\/wp\/v2\/comments?post=2237"}],"version-history":[{"count":1,"href":"https:\/\/wp.ufpel.edu.br\/suinfra\/wp-json\/wp\/v2\/posts\/2237\/revisions"}],"predecessor-version":[{"id":2239,"href":"https:\/\/wp.ufpel.edu.br\/suinfra\/wp-json\/wp\/v2\/posts\/2237\/revisions\/2239"}],"wp:featuredmedia":[{"embeddable":true,"href":"https:\/\/wp.ufpel.edu.br\/suinfra\/wp-json\/wp\/v2\/media\/2238"}],"wp:attachment":[{"href":"https:\/\/wp.ufpel.edu.br\/suinfra\/wp-json\/wp\/v2\/media?parent=2237"}],"wp:term":[{"taxonomy":"category","embeddable":true,"href":"https:\/\/wp.ufpel.edu.br\/suinfra\/wp-json\/wp\/v2\/categories?post=2237"},{"taxonomy":"post_tag","embeddable":true,"href":"https:\/\/wp.ufpel.edu.br\/suinfra\/wp-json\/wp\/v2\/tags?post=2237"}],"curies":[{"name":"wp","href":"https:\/\/api.w.org\/{rel}","templated":true}]}}